{"id":1093,"date":"2014-08-08T12:33:04","date_gmt":"2014-08-08T11:33:04","guid":{"rendered":"http:\/\/ff-waldneukirchen.at\/?p=1093"},"modified":"2014-08-12T14:44:02","modified_gmt":"2014-08-12T13:44:02","slug":"firefightercup-iv-niederrussbach","status":"publish","type":"post","link":"https:\/\/www.ff-waldneukirchen.at\/?p=1093","title":{"rendered":"Firefightercup IV Niederru\u00dfbach"},"content":{"rendered":"<p>Die Bewerbsgruppe I der Feuerwehr Waldneukirchen schloss die \u00e4u\u00dferst erfolgreiche Bewerbssaison mit dem <a href=\"http:\/\/firefightercup.at\/\">Firefightercup<\/a> in Niederru\u00dfbach (N\u00d6) ab. Sie teilte sich in zwei Gruppen auf und stellte die einzigen Teilnehmer aus Ober\u00f6sterreich.<!--more--> Im ersten Lauf stellte die Gruppe 1 die vorl\u00e4ufige Tagesbestzeit mit 16,22 Sekunden auf, die sp\u00e4ter nur mehr von der Gruppe Gloden I und Waldneukirchen I selbst geschlagen wurde. Beide Gruppen aus Waldneukirchen qualifizierten sich nach der Vorrunde f\u00fcr die KO-Phase. Waldneukirchen II schied im Viertelfinale gegen Waldneukirchen I aus. Waldneukirchen I stieg sogar bis ins Finale auf. Dort reichte die hervorragende Zeit von 15,45 Sekunden um nur f\u00fcnf Hundertstelsekunden nicht, sich gegen die Gruppe Gloden I, die Zweitplatzierten der letzten beiden Jahre, durchzusetzen. Waldneukirchen I belegte damit den ausgezeichneten zweiten Platz. In diesem \u00e4u\u00dferst spannenden Finale stellten beide Gruppen ihre pers\u00f6nlichen Bestzeiten auf.<\/p>\n<div id=\"metaslider-id-1102\" style=\"max-width: 700px;\" class=\"ml-slider-3-108-0 metaslider metaslider-flex metaslider-1102 ml-slider ms-theme-default nav-hidden\" role=\"region\" aria-label=\"20140808 Firefightercup Niederru\u00dfbach\" data-height=\"500\" data-width=\"700\">\n    <div id=\"metaslider_container_1102\">\n        <div id=\"metaslider_1102\">\n            <ul class='slides'>\n                <li style=\"display: block; width: 100%;\" class=\"slide-1094 ms-image \" aria-roledescription=\"slide\" data-date=\"2014-08-09 12:26:35\" data-filename=\"P1020034-700x500.jpg\" data-slide-type=\"image\"><img loading=\"lazy\" decoding=\"async\" src=\"https:\/\/www.ff-waldneukirchen.at\/wp-content\/uploads\/2014\/08\/P1020034-700x500.jpg\" height=\"500\" width=\"700\" alt=\"\" class=\"slider-1102 slide-1094 msDefaultImage\" \/><\/li>\n                <li style=\"display: none; width: 100%;\" class=\"slide-1096 ms-image \" aria-roledescription=\"slide\" data-date=\"2014-08-09 12:26:41\" data-filename=\"P1020056-700x500.jpg\" data-slide-type=\"image\"><img loading=\"lazy\" decoding=\"async\" src=\"https:\/\/www.ff-waldneukirchen.at\/wp-content\/uploads\/2014\/08\/P1020056-700x500.jpg\" height=\"500\" width=\"700\" alt=\"\" class=\"slider-1102 slide-1096 msDefaultImage\" \/><\/li>\n                <li style=\"display: none; width: 100%;\" class=\"slide-1095 ms-image \" aria-roledescription=\"slide\" data-date=\"2014-08-09 12:26:38\" data-filename=\"P1020053-700x500.jpg\" data-slide-type=\"image\"><img loading=\"lazy\" decoding=\"async\" src=\"https:\/\/www.ff-waldneukirchen.at\/wp-content\/uploads\/2014\/08\/P1020053-700x500.jpg\" height=\"500\" width=\"700\" alt=\"\" class=\"slider-1102 slide-1095 msDefaultImage\" \/><\/li>\n                <li style=\"display: none; width: 100%;\" class=\"slide-1097 ms-image \" aria-roledescription=\"slide\" data-date=\"2014-08-09 12:26:46\" data-filename=\"P1020060-700x500.jpg\" data-slide-type=\"image\"><img loading=\"lazy\" decoding=\"async\" src=\"https:\/\/www.ff-waldneukirchen.at\/wp-content\/uploads\/2014\/08\/P1020060-700x500.jpg\" height=\"500\" width=\"700\" alt=\"\" class=\"slider-1102 slide-1097 msDefaultImage\" \/><\/li>\n                <li style=\"display: none; width: 100%;\" class=\"slide-1098 ms-image \" aria-roledescription=\"slide\" data-date=\"2014-08-09 12:26:51\" data-filename=\"P1020076-700x500.jpg\" data-slide-type=\"image\"><img loading=\"lazy\" decoding=\"async\" src=\"https:\/\/www.ff-waldneukirchen.at\/wp-content\/uploads\/2014\/08\/P1020076-700x500.jpg\" height=\"500\" width=\"700\" alt=\"\" class=\"slider-1102 slide-1098 msDefaultImage\" \/><\/li>\n                <li style=\"display: none; width: 100%;\" class=\"slide-1099 ms-image \" aria-roledescription=\"slide\" data-date=\"2014-08-09 12:26:54\" data-filename=\"P1020077-700x500.jpg\" data-slide-type=\"image\"><img loading=\"lazy\" decoding=\"async\" src=\"https:\/\/www.ff-waldneukirchen.at\/wp-content\/uploads\/2014\/08\/P1020077-700x500.jpg\" height=\"500\" width=\"700\" alt=\"\" class=\"slider-1102 slide-1099 msDefaultImage\" \/><\/li>\n                <li style=\"display: none; width: 100%;\" class=\"slide-1106 ms-image \" aria-roledescription=\"slide\" data-date=\"2014-08-09 12:48:48\" data-filename=\"20140808_213202-700x500.jpg\" data-slide-type=\"image\"><img loading=\"lazy\" decoding=\"async\" src=\"https:\/\/www.ff-waldneukirchen.at\/wp-content\/uploads\/2014\/08\/20140808_213202-700x500.jpg\" height=\"500\" width=\"700\" alt=\"\" class=\"slider-1102 slide-1106 msDefaultImage\" \/><\/li>\n                <li style=\"display: none; width: 100%;\" class=\"slide-1107 ms-image \" aria-roledescription=\"slide\" data-date=\"2014-08-09 12:48:53\" data-filename=\"20140808_234444-700x500.jpg\" data-slide-type=\"image\"><img loading=\"lazy\" decoding=\"async\" src=\"https:\/\/www.ff-waldneukirchen.at\/wp-content\/uploads\/2014\/08\/20140808_234444-700x500.jpg\" height=\"500\" width=\"700\" alt=\"\" class=\"slider-1102 slide-1107 msDefaultImage\" \/><\/li>\n                <li style=\"display: none; width: 100%;\" class=\"slide-1105 ms-image \" aria-roledescription=\"slide\" data-date=\"2014-08-09 12:48:44\" data-filename=\"20140808_235740-700x500.jpg\" data-slide-type=\"image\"><img loading=\"lazy\" decoding=\"async\" src=\"https:\/\/www.ff-waldneukirchen.at\/wp-content\/uploads\/2014\/08\/20140808_235740-700x500.jpg\" height=\"500\" width=\"700\" alt=\"\" class=\"slider-1102 slide-1105 msDefaultImage\" \/><\/li>\n                <li style=\"display: none; width: 100%;\" class=\"slide-1100 ms-image \" aria-roledescription=\"slide\" data-date=\"2014-08-09 12:27:00\" data-filename=\"P1020088-700x500.jpg\" data-slide-type=\"image\"><img loading=\"lazy\" decoding=\"async\" src=\"https:\/\/www.ff-waldneukirchen.at\/wp-content\/uploads\/2014\/08\/P1020088-700x500.jpg\" height=\"500\" width=\"700\" alt=\"\" class=\"slider-1102 slide-1100 msDefaultImage\" \/><\/li>\n                <li style=\"display: none; width: 100%;\" class=\"slide-1101 ms-image \" aria-roledescription=\"slide\" data-date=\"2014-08-09 12:27:04\" data-filename=\"P1020098-700x500.jpg\" data-slide-type=\"image\"><img loading=\"lazy\" decoding=\"async\" src=\"https:\/\/www.ff-waldneukirchen.at\/wp-content\/uploads\/2014\/08\/P1020098-700x500.jpg\" height=\"500\" width=\"700\" alt=\"\" class=\"slider-1102 slide-1101 msDefaultImage\" \/><\/li>\n            <\/ul>\n        <\/div>\n        \n    <\/div>\n<\/div>\n<p>Hier der Finallauf:<\/p>\n<p><iframe loading=\"lazy\" src=\"\/\/www.youtube.com\/embed\/JxcXkTxi5Hg\" width=\"560\" height=\"315\" frameborder=\"0\" allowfullscreen=\"allowfullscreen\"><\/iframe><\/p>\n","protected":false},"excerpt":{"rendered":"<p>Die Bewerbsgruppe I der Feuerwehr Waldneukirchen schloss die \u00e4u\u00dferst erfolgreiche Bewerbssaison mit dem Firefightercup in Niederru\u00dfbach (N\u00d6) ab. Sie teilte sich in zwei Gruppen auf und stellte die einzigen Teilnehmer aus Ober\u00f6sterreich.<\/p>\n","protected":false},"author":2,"featured_media":1105,"comment_status":"closed","ping_status":"open","sticky":false,"template":"","format":"standard","meta":{"advgb_blocks_editor_width":"","advgb_blocks_columns_visual_guide":"","advanced_seo_description":"","jetpack_seo_html_title":"","jetpack_seo_noindex":false,"_jetpack_memberships_contains_paid_content":false,"footnotes":"","jetpack_publicize_message":"","jetpack_publicize_feature_enabled":true,"jetpack_social_post_already_shared":false,"jetpack_social_options":{"image_generator_settings":{"template":"highway","default_image_id":0,"font":"","enabled":false},"version":2}},"categories":[10],"tags":[],"class_list":["post-1093","post","type-post","status-publish","format-standard","has-post-thumbnail","hentry","category-bewerbe","has-thumbnail"],"author_meta":{"display_name":"Florian Diwald","author_link":"https:\/\/www.ff-waldneukirchen.at\/?author=2"},"featured_img":"https:\/\/www.ff-waldneukirchen.at\/wp-content\/uploads\/2014\/08\/20140808_235740-300x168.jpg","jetpack_publicize_connections":[],"jetpack_featured_media_url":"https:\/\/www.ff-waldneukirchen.at\/wp-content\/uploads\/2014\/08\/20140808_235740.jpg","coauthors":[],"tax_additional":{"categories":{"linked":["<a href=\"https:\/\/www.ff-waldneukirchen.at\/?cat=10\" class=\"advgb-post-tax-term\">Bewerbe<\/a>"],"unlinked":["<span class=\"advgb-post-tax-term\">Bewerbe<\/span>"]}},"comment_count":"0","relative_dates":{"created":"Ver\u00f6ffentlicht 12\u00a0Jahren vor","modified":"Aktualisiert 12\u00a0Jahren vor"},"absolute_dates":{"created":"Ver\u00f6ffentlicht am 08\/08\/2014","modified":"Aktualisiert am 12\/08\/2014"},"absolute_dates_time":{"created":"Ver\u00f6ffentlicht am 08\/08\/2014 12:33","modified":"Aktualisiert am 12\/08\/2014 14:44"},"featured_img_caption":"","series_order":"","jetpack_sharing_enabled":true,"_links":{"self":[{"href":"https:\/\/www.ff-waldneukirchen.at\/index.php?rest_route=\/wp\/v2\/posts\/1093","targetHints":{"allow":["GET"]}}],"collection":[{"href":"https:\/\/www.ff-waldneukirchen.at\/index.php?rest_route=\/wp\/v2\/posts"}],"about":[{"href":"https:\/\/www.ff-waldneukirchen.at\/index.php?rest_route=\/wp\/v2\/types\/post"}],"author":[{"embeddable":true,"href":"https:\/\/www.ff-waldneukirchen.at\/index.php?rest_route=\/wp\/v2\/users\/2"}],"replies":[{"embeddable":true,"href":"https:\/\/www.ff-waldneukirchen.at\/index.php?rest_route=%2Fwp%2Fv2%2Fcomments&post=1093"}],"version-history":[{"count":0,"href":"https:\/\/www.ff-waldneukirchen.at\/index.php?rest_route=\/wp\/v2\/posts\/1093\/revisions"}],"wp:featuredmedia":[{"embeddable":true,"href":"https:\/\/www.ff-waldneukirchen.at\/index.php?rest_route=\/wp\/v2\/media\/1105"}],"wp:attachment":[{"href":"https:\/\/www.ff-waldneukirchen.at\/index.php?rest_route=%2Fwp%2Fv2%2Fmedia&parent=1093"}],"wp:term":[{"taxonomy":"category","embeddable":true,"href":"https:\/\/www.ff-waldneukirchen.at\/index.php?rest_route=%2Fwp%2Fv2%2Fcategories&post=1093"},{"taxonomy":"post_tag","embeddable":true,"href":"https:\/\/www.ff-waldneukirchen.at\/index.php?rest_route=%2Fwp%2Fv2%2Ftags&post=1093"}],"curies":[{"name":"wp","href":"https:\/\/api.w.org\/{rel}","templated":true}]}}