{"id":1803,"date":"2015-03-02T04:30:57","date_gmt":"2015-03-02T03:30:57","guid":{"rendered":"http:\/\/www.ff-waldneukirchen.at\/?p=1803"},"modified":"2015-03-02T12:02:21","modified_gmt":"2015-03-02T11:02:21","slug":"brand-abfall-container","status":"publish","type":"post","link":"https:\/\/www.ff-waldneukirchen.at\/?p=1803","title":{"rendered":"Brand Abfall-Container"},"content":{"rendered":"<p>Ein aufmerksamer Autolenker hat auf dem Weg zur Arbeit am zweiten M\u00e4rz um 4:30 morgens ein Feuer beim Bauhof in Waldneukirchen bemerkt. Dort stand der Gr\u00fcnschnitt-Container in Flammen.<!--more-->Als die Feuerwehr eintraf, waren die Flammen schnell gel\u00f6scht. Danach wurden mithilfe eines Baggers die brennenden Abf\u00e4lle auf dem Vorplatz verteilt, und auch die restlichen Glutnester gel\u00f6scht.<\/p>\n<p>Die Brandursache ist noch nicht gekl\u00e4rt. Es wird vermutet, dass hier hei\u00dfe Asche entsorgt wurde.<\/p>\n<div id=\"metaslider-id-1809\" style=\"max-width: 700px;\" class=\"ml-slider-3-108-0 metaslider metaslider-flex metaslider-1809 ml-slider ms-theme-default nav-hidden\" role=\"region\" aria-label=\"20150302 Brand Abfall-Container\" data-height=\"500\" data-width=\"700\">\n    <div id=\"metaslider_container_1809\">\n        <div id=\"metaslider_1809\">\n            <ul class='slides'>\n                <li style=\"display: block; width: 100%;\" class=\"slide-1805 ms-image \" aria-roledescription=\"slide\" data-date=\"2015-03-02 07:53:05\" data-filename=\"IMG_3299-700x500.jpg\" data-slide-type=\"image\"><img loading=\"lazy\" decoding=\"async\" src=\"https:\/\/www.ff-waldneukirchen.at\/wp-content\/uploads\/2015\/03\/IMG_3299-700x500.jpg\" height=\"500\" width=\"700\" alt=\"\" class=\"slider-1809 slide-1805 msDefaultImage\" \/><\/li>\n                <li style=\"display: none; width: 100%;\" class=\"slide-1804 ms-image \" aria-roledescription=\"slide\" data-date=\"2015-03-02 07:52:58\" data-filename=\"IMG_3289-700x500.jpg\" data-slide-type=\"image\"><img loading=\"lazy\" decoding=\"async\" src=\"https:\/\/www.ff-waldneukirchen.at\/wp-content\/uploads\/2015\/03\/IMG_3289-700x500.jpg\" height=\"500\" width=\"700\" alt=\"\" class=\"slider-1809 slide-1804 msDefaultImage\" \/><\/li>\n                <li style=\"display: none; width: 100%;\" class=\"slide-1806 ms-image \" aria-roledescription=\"slide\" data-date=\"2015-03-02 07:53:10\" data-filename=\"IMG_3300-700x500.jpg\" data-slide-type=\"image\"><img loading=\"lazy\" decoding=\"async\" src=\"https:\/\/www.ff-waldneukirchen.at\/wp-content\/uploads\/2015\/03\/IMG_3300-700x500.jpg\" height=\"500\" width=\"700\" alt=\"\" class=\"slider-1809 slide-1806 msDefaultImage\" \/><\/li>\n                <li style=\"display: none; width: 100%;\" class=\"slide-1807 ms-image \" aria-roledescription=\"slide\" data-date=\"2015-03-02 07:53:14\" data-filename=\"IMG_3306-700x500.jpg\" data-slide-type=\"image\"><img loading=\"lazy\" decoding=\"async\" src=\"https:\/\/www.ff-waldneukirchen.at\/wp-content\/uploads\/2015\/03\/IMG_3306-700x500.jpg\" height=\"500\" width=\"700\" alt=\"\" class=\"slider-1809 slide-1807 msDefaultImage\" \/><\/li>\n                <li style=\"display: none; width: 100%;\" class=\"slide-1808 ms-image \" aria-roledescription=\"slide\" data-date=\"2015-03-02 07:53:20\" data-filename=\"IMG_3313-700x500.jpg\" data-slide-type=\"image\"><img loading=\"lazy\" decoding=\"async\" src=\"https:\/\/www.ff-waldneukirchen.at\/wp-content\/uploads\/2015\/03\/IMG_3313-700x500.jpg\" height=\"500\" width=\"700\" alt=\"\" class=\"slider-1809 slide-1808 msDefaultImage\" \/><\/li>\n            <\/ul>\n        <\/div>\n        \n    <\/div>\n<\/div>\n","protected":false},"excerpt":{"rendered":"<p>Ein aufmerksamer Autolenker hat auf dem Weg zur Arbeit am zweiten M\u00e4rz um 4:30 morgens ein Feuer beim Bauhof in Waldneukirchen bemerkt. Dort stand der Gr\u00fcnschnitt-Container in Flammen.<\/p>\n","protected":false},"author":1,"featured_media":1805,"comment_status":"closed","ping_status":"open","sticky":false,"template":"","format":"standard","meta":{"advgb_blocks_editor_width":"","advgb_blocks_columns_visual_guide":"","advanced_seo_description":"","jetpack_seo_html_title":"","jetpack_seo_noindex":false,"_jetpack_memberships_contains_paid_content":false,"footnotes":"","jetpack_publicize_message":"","jetpack_publicize_feature_enabled":true,"jetpack_social_post_already_shared":false,"jetpack_social_options":{"image_generator_settings":{"template":"highway","default_image_id":0,"font":"","enabled":false},"version":2}},"categories":[4],"tags":[],"class_list":["post-1803","post","type-post","status-publish","format-standard","has-post-thumbnail","hentry","category-einsatze","has-thumbnail"],"author_meta":{"display_name":"Christoph Geyer","author_link":"https:\/\/www.ff-waldneukirchen.at\/?author=1"},"featured_img":"https:\/\/www.ff-waldneukirchen.at\/wp-content\/uploads\/2015\/03\/IMG_3299-300x225.jpg","jetpack_publicize_connections":[],"jetpack_featured_media_url":"https:\/\/www.ff-waldneukirchen.at\/wp-content\/uploads\/2015\/03\/IMG_3299.jpg","coauthors":[],"tax_additional":{"categories":{"linked":["<a href=\"https:\/\/www.ff-waldneukirchen.at\/?cat=4\" class=\"advgb-post-tax-term\">Eins\u00e4tze<\/a>"],"unlinked":["<span class=\"advgb-post-tax-term\">Eins\u00e4tze<\/span>"]}},"comment_count":"0","relative_dates":{"created":"Ver\u00f6ffentlicht 11\u00a0Jahren vor","modified":"Aktualisiert 11\u00a0Jahren vor"},"absolute_dates":{"created":"Ver\u00f6ffentlicht am 02\/03\/2015","modified":"Aktualisiert am 02\/03\/2015"},"absolute_dates_time":{"created":"Ver\u00f6ffentlicht am 02\/03\/2015 04:30","modified":"Aktualisiert am 02\/03\/2015 12:02"},"featured_img_caption":"","series_order":"","jetpack_sharing_enabled":true,"_links":{"self":[{"href":"https:\/\/www.ff-waldneukirchen.at\/index.php?rest_route=\/wp\/v2\/posts\/1803","targetHints":{"allow":["GET"]}}],"collection":[{"href":"https:\/\/www.ff-waldneukirchen.at\/index.php?rest_route=\/wp\/v2\/posts"}],"about":[{"href":"https:\/\/www.ff-waldneukirchen.at\/index.php?rest_route=\/wp\/v2\/types\/post"}],"author":[{"embeddable":true,"href":"https:\/\/www.ff-waldneukirchen.at\/index.php?rest_route=\/wp\/v2\/users\/1"}],"replies":[{"embeddable":true,"href":"https:\/\/www.ff-waldneukirchen.at\/index.php?rest_route=%2Fwp%2Fv2%2Fcomments&post=1803"}],"version-history":[{"count":0,"href":"https:\/\/www.ff-waldneukirchen.at\/index.php?rest_route=\/wp\/v2\/posts\/1803\/revisions"}],"wp:featuredmedia":[{"embeddable":true,"href":"https:\/\/www.ff-waldneukirchen.at\/index.php?rest_route=\/wp\/v2\/media\/1805"}],"wp:attachment":[{"href":"https:\/\/www.ff-waldneukirchen.at\/index.php?rest_route=%2Fwp%2Fv2%2Fmedia&parent=1803"}],"wp:term":[{"taxonomy":"category","embeddable":true,"href":"https:\/\/www.ff-waldneukirchen.at\/index.php?rest_route=%2Fwp%2Fv2%2Fcategories&post=1803"},{"taxonomy":"post_tag","embeddable":true,"href":"https:\/\/www.ff-waldneukirchen.at\/index.php?rest_route=%2Fwp%2Fv2%2Ftags&post=1803"}],"curies":[{"name":"wp","href":"https:\/\/api.w.org\/{rel}","templated":true}]}}