{"id":1819,"date":"2015-03-01T07:00:14","date_gmt":"2015-03-01T06:00:14","guid":{"rendered":"http:\/\/www.ff-waldneukirchen.at\/?p=1819"},"modified":"2015-03-03T21:04:07","modified_gmt":"2015-03-03T20:04:07","slug":"skitag-der-drei-feuerwehren","status":"publish","type":"post","link":"https:\/\/www.ff-waldneukirchen.at\/?p=1819","title":{"rendered":"Skitag der drei Feuerwehren"},"content":{"rendered":"<p>Gemeinsam mit den Kameraden der Feuerwehren Sankt Nikola und Steinersdorf veranstalteten wir am 1. M\u00e4rz erstmalig einen Feuerwehrskitag. Die Reise f\u00fchrte zum etwas bew\u00f6lkten Hauser Kaibling.<\/p>\n<p><!--more-->Nachdem alle Teilnehmer (auch die, die gerne etwas l\u00e4nger ausschlafen \ud83d\ude09 ) sich am Dorfplatz eingefunden hatten, konnte es endlich losgehen. Nach einer kleinen Bus-Tour stand dem Vergn\u00fcgen auf der Piste nichts mehr im Wege. Auch der bew\u00f6lkte Himmel konnte die Stimmung nicht tr\u00fcben. Manche ehrgeizigen Kameraden begannen gleich mit der Pistenkilometerjagd, andere gingen es gem\u00fctlicher an. Am Ende trafen sich die meisten wieder in der WM-Arena, um das Wochenende stimmungsvoll abzuschlie\u00dfen.<\/p>\n<div id=\"metaslider-id-1820\" style=\"max-width: 700px;\" class=\"ml-slider-3-108-0 metaslider metaslider-flex metaslider-1820 ml-slider ms-theme-default nav-hidden\" role=\"region\" aria-label=\"20150301 Skitag\" data-height=\"500\" data-width=\"700\">\n    <div id=\"metaslider_container_1820\">\n        <div id=\"metaslider_1820\">\n            <ul class='slides'>\n                <li style=\"display: block; width: 100%;\" class=\"slide-1827 ms-image \" aria-roledescription=\"slide\" data-date=\"2015-03-03 21:00:36\" data-filename=\"k-DSC_0179-700x500.jpg\" data-slide-type=\"image\"><img loading=\"lazy\" decoding=\"async\" src=\"https:\/\/www.ff-waldneukirchen.at\/wp-content\/uploads\/2015\/03\/k-DSC_0179-700x500.jpg\" height=\"500\" width=\"700\" alt=\"\" class=\"slider-1820 slide-1827 msDefaultImage\" \/><\/li>\n                <li style=\"display: none; width: 100%;\" class=\"slide-1828 ms-image \" aria-roledescription=\"slide\" data-date=\"2015-03-03 21:00:39\" data-filename=\"k-DSC_0180-700x500.jpg\" data-slide-type=\"image\"><img loading=\"lazy\" decoding=\"async\" src=\"https:\/\/www.ff-waldneukirchen.at\/wp-content\/uploads\/2015\/03\/k-DSC_0180-700x500.jpg\" height=\"500\" width=\"700\" alt=\"\" class=\"slider-1820 slide-1828 msDefaultImage\" \/><\/li>\n                <li style=\"display: none; width: 100%;\" class=\"slide-1829 ms-image \" aria-roledescription=\"slide\" data-date=\"2015-03-03 21:00:42\" data-filename=\"k-DSC_0181-700x500.jpg\" data-slide-type=\"image\"><img loading=\"lazy\" decoding=\"async\" src=\"https:\/\/www.ff-waldneukirchen.at\/wp-content\/uploads\/2015\/03\/k-DSC_0181-700x500.jpg\" height=\"500\" width=\"700\" alt=\"\" class=\"slider-1820 slide-1829 msDefaultImage\" \/><\/li>\n                <li style=\"display: none; width: 100%;\" class=\"slide-1821 ms-image \" aria-roledescription=\"slide\" data-date=\"2015-03-03 21:00:17\" data-filename=\"k-DSC_0185-700x500.jpg\" data-slide-type=\"image\"><img loading=\"lazy\" decoding=\"async\" src=\"https:\/\/www.ff-waldneukirchen.at\/wp-content\/uploads\/2015\/03\/k-DSC_0185-700x500.jpg\" height=\"500\" width=\"700\" alt=\"\" class=\"slider-1820 slide-1821 msDefaultImage\" \/><\/li>\n                <li style=\"display: none; width: 100%;\" class=\"slide-1822 ms-image \" aria-roledescription=\"slide\" data-date=\"2015-03-03 21:00:20\" data-filename=\"k-DSC_0189-700x500.jpg\" data-slide-type=\"image\"><img loading=\"lazy\" decoding=\"async\" src=\"https:\/\/www.ff-waldneukirchen.at\/wp-content\/uploads\/2015\/03\/k-DSC_0189-700x500.jpg\" height=\"500\" width=\"700\" alt=\"\" class=\"slider-1820 slide-1822 msDefaultImage\" \/><\/li>\n                <li style=\"display: none; width: 100%;\" class=\"slide-1823 ms-image \" aria-roledescription=\"slide\" data-date=\"2015-03-03 21:00:23\" data-filename=\"k-DSC_0190-700x500.jpg\" data-slide-type=\"image\"><img loading=\"lazy\" decoding=\"async\" src=\"https:\/\/www.ff-waldneukirchen.at\/wp-content\/uploads\/2015\/03\/k-DSC_0190-700x500.jpg\" height=\"500\" width=\"700\" alt=\"\" class=\"slider-1820 slide-1823 msDefaultImage\" \/><\/li>\n                <li style=\"display: none; width: 100%;\" class=\"slide-1824 ms-image \" aria-roledescription=\"slide\" data-date=\"2015-03-03 21:00:26\" data-filename=\"k-DSC_0200-700x500.jpg\" data-slide-type=\"image\"><img loading=\"lazy\" decoding=\"async\" src=\"https:\/\/www.ff-waldneukirchen.at\/wp-content\/uploads\/2015\/03\/k-DSC_0200-700x500.jpg\" height=\"500\" width=\"700\" alt=\"\" class=\"slider-1820 slide-1824 msDefaultImage\" \/><\/li>\n                <li style=\"display: none; width: 100%;\" class=\"slide-1825 ms-image \" aria-roledescription=\"slide\" data-date=\"2015-03-03 21:00:29\" data-filename=\"k-DSC_0201-700x500.jpg\" data-slide-type=\"image\"><img loading=\"lazy\" decoding=\"async\" src=\"https:\/\/www.ff-waldneukirchen.at\/wp-content\/uploads\/2015\/03\/k-DSC_0201-700x500.jpg\" height=\"500\" width=\"700\" alt=\"\" class=\"slider-1820 slide-1825 msDefaultImage\" \/><\/li>\n                <li style=\"display: none; width: 100%;\" class=\"slide-1826 ms-image \" aria-roledescription=\"slide\" data-date=\"2015-03-03 21:00:33\" data-filename=\"k-DSC_0211-700x500.jpg\" data-slide-type=\"image\"><img loading=\"lazy\" decoding=\"async\" src=\"https:\/\/www.ff-waldneukirchen.at\/wp-content\/uploads\/2015\/03\/k-DSC_0211-700x500.jpg\" height=\"500\" width=\"700\" alt=\"\" class=\"slider-1820 slide-1826 msDefaultImage\" \/><\/li>\n            <\/ul>\n        <\/div>\n        \n    <\/div>\n<\/div>\n","protected":false},"excerpt":{"rendered":"<p>Gemeinsam mit den Kameraden der Feuerwehren Sankt Nikola und Steinersdorf veranstalteten wir am 1. M\u00e4rz erstmalig einen Feuerwehrskitag. Die Reise f\u00fchrte zum etwas bew\u00f6lkten Hauser Kaibling.<\/p>\n","protected":false},"author":2,"featured_media":1821,"comment_status":"closed","ping_status":"open","sticky":false,"template":"","format":"standard","meta":{"advgb_blocks_editor_width":"","advgb_blocks_columns_visual_guide":"","advanced_seo_description":"","jetpack_seo_html_title":"","jetpack_seo_noindex":false,"_jetpack_memberships_contains_paid_content":false,"footnotes":"","jetpack_publicize_message":"","jetpack_publicize_feature_enabled":true,"jetpack_social_post_already_shared":false,"jetpack_social_options":{"image_generator_settings":{"template":"highway","default_image_id":0,"font":"","enabled":false},"version":2}},"categories":[61],"tags":[],"class_list":["post-1819","post","type-post","status-publish","format-standard","has-post-thumbnail","hentry","category-veranstaltungen","has-thumbnail"],"author_meta":{"display_name":"Florian Diwald","author_link":"https:\/\/www.ff-waldneukirchen.at\/?author=2"},"featured_img":"https:\/\/www.ff-waldneukirchen.at\/wp-content\/uploads\/2015\/03\/k-DSC_0185-300x225.jpg","jetpack_publicize_connections":[],"jetpack_featured_media_url":"https:\/\/www.ff-waldneukirchen.at\/wp-content\/uploads\/2015\/03\/k-DSC_0185.jpg","coauthors":[],"tax_additional":{"categories":{"linked":["<a href=\"https:\/\/www.ff-waldneukirchen.at\/?cat=61\" class=\"advgb-post-tax-term\">Veranstaltungen<\/a>"],"unlinked":["<span class=\"advgb-post-tax-term\">Veranstaltungen<\/span>"]}},"comment_count":"0","relative_dates":{"created":"Ver\u00f6ffentlicht 11\u00a0Jahren vor","modified":"Aktualisiert 11\u00a0Jahren vor"},"absolute_dates":{"created":"Ver\u00f6ffentlicht am 01\/03\/2015","modified":"Aktualisiert am 03\/03\/2015"},"absolute_dates_time":{"created":"Ver\u00f6ffentlicht am 01\/03\/2015 07:00","modified":"Aktualisiert am 03\/03\/2015 21:04"},"featured_img_caption":"","series_order":"","jetpack_sharing_enabled":true,"_links":{"self":[{"href":"https:\/\/www.ff-waldneukirchen.at\/index.php?rest_route=\/wp\/v2\/posts\/1819","targetHints":{"allow":["GET"]}}],"collection":[{"href":"https:\/\/www.ff-waldneukirchen.at\/index.php?rest_route=\/wp\/v2\/posts"}],"about":[{"href":"https:\/\/www.ff-waldneukirchen.at\/index.php?rest_route=\/wp\/v2\/types\/post"}],"author":[{"embeddable":true,"href":"https:\/\/www.ff-waldneukirchen.at\/index.php?rest_route=\/wp\/v2\/users\/2"}],"replies":[{"embeddable":true,"href":"https:\/\/www.ff-waldneukirchen.at\/index.php?rest_route=%2Fwp%2Fv2%2Fcomments&post=1819"}],"version-history":[{"count":0,"href":"https:\/\/www.ff-waldneukirchen.at\/index.php?rest_route=\/wp\/v2\/posts\/1819\/revisions"}],"wp:featuredmedia":[{"embeddable":true,"href":"https:\/\/www.ff-waldneukirchen.at\/index.php?rest_route=\/wp\/v2\/media\/1821"}],"wp:attachment":[{"href":"https:\/\/www.ff-waldneukirchen.at\/index.php?rest_route=%2Fwp%2Fv2%2Fmedia&parent=1819"}],"wp:term":[{"taxonomy":"category","embeddable":true,"href":"https:\/\/www.ff-waldneukirchen.at\/index.php?rest_route=%2Fwp%2Fv2%2Fcategories&post=1819"},{"taxonomy":"post_tag","embeddable":true,"href":"https:\/\/www.ff-waldneukirchen.at\/index.php?rest_route=%2Fwp%2Fv2%2Ftags&post=1819"}],"curies":[{"name":"wp","href":"https:\/\/api.w.org\/{rel}","templated":true}]}}