{"id":1834,"date":"2015-03-06T11:40:36","date_gmt":"2015-03-06T10:40:36","guid":{"rendered":"http:\/\/www.ff-waldneukirchen.at\/?p=1834"},"modified":"2015-03-07T17:44:33","modified_gmt":"2015-03-07T16:44:33","slug":"kaminbrand-in-steinersdorf","status":"publish","type":"post","link":"https:\/\/www.ff-waldneukirchen.at\/?p=1834","title":{"rendered":"Dachstuhlbrand in Steinersdorf"},"content":{"rendered":"<p>Im Katzenmarkt fing\u00a0am 6. M\u00e4rz gegen Mittag der Dachstuhl eines landwirtschaftlichen Geb\u00e4udes\u00a0um den Kamin Feuer. Ein Nachbar entdeckte gl\u00fccklicherweise den Brand und alarmierte die Feuerwehr.<\/p>\n<p><!--more--><\/p>\n<p>Zus\u00e4tzlich zu den drei Feuerwehren aus Waldneukirchen wurde auch die Drehleiter Bad Hall alarmiert, von der aus die L\u00f6scharbeiten besser erledigt werden konnten. Durch die fr\u00fche Entdeckung und das rasche Eingreifen der Feuerwehr wurde eine gr\u00f6\u00dfere Brandausbreitung verhindert und der Brand berschr\u00e4nkte sich auf den Bereich um den Kamin. Die Bewohner konnten das Haus unverletzt verlasssen. Die Brandursache ist zur Zeit noch nicht bekannt.<\/p>\n<p><a title=\"FF Steinersdorf\" href=\"http:\/\/ff.steinersdorf.at\/2015\/03\/dachstuhlbrand-in-steinersdorf\/\" target=\"_blank\">FF Steinersdorf<\/a><br \/>\n<a title=\"Foto Kerschi\" href=\"http:\/\/www.fotokerschi.at\/blog\/nachbar-verhindert-brandkatastrophe\/\" target=\"_blank\">Foto Kerschi<\/a><br \/>\n<a title=\"FF Bad Hall\" href=\"http:\/\/www.ff-badhall.at\/aktuell\/9437-Dachstuhlbrand+Waldneukirchen.html\" target=\"_blank\">FF Bad Hall<\/a><br \/>\n<a title=\"laumat\" href=\"http:\/\/www.laumat.at\/medienbericht,vier-feuerwehren-bei-brand-in-waldneukirchen-im-einsatz,3576.html\">laumat<\/a><a title=\"ORF\" href=\"http:\/\/ooe.orf.at\/news\/stories\/2698463\/\"><br \/>\nORF<\/a><\/p>\n<div id=\"metaslider-id-1840\" style=\"max-width: 700px;\" class=\"ml-slider-3-108-0 metaslider metaslider-flex metaslider-1840 ml-slider ms-theme-default nav-hidden\" role=\"region\" aria-label=\"20150306 Dachstuhlbrand\" data-height=\"500\" data-width=\"700\">\n    <div id=\"metaslider_container_1840\">\n        <div id=\"metaslider_1840\">\n            <ul class='slides'>\n                <li style=\"display: block; width: 100%;\" class=\"slide-1835 ms-image \" aria-roledescription=\"slide\" data-date=\"2015-03-06 20:30:36\" data-filename=\"IMG_3329-700x500.jpg\" data-slide-type=\"image\"><img loading=\"lazy\" decoding=\"async\" src=\"https:\/\/www.ff-waldneukirchen.at\/wp-content\/uploads\/2015\/03\/IMG_3329-700x500.jpg\" height=\"500\" width=\"700\" alt=\"\" class=\"slider-1840 slide-1835 msDefaultImage\" \/><\/li>\n                <li style=\"display: none; width: 100%;\" class=\"slide-1836 ms-image \" aria-roledescription=\"slide\" data-date=\"2015-03-06 20:30:41\" data-filename=\"IMG_3330-700x500.jpg\" data-slide-type=\"image\"><img loading=\"lazy\" decoding=\"async\" src=\"https:\/\/www.ff-waldneukirchen.at\/wp-content\/uploads\/2015\/03\/IMG_3330-700x500.jpg\" height=\"500\" width=\"700\" alt=\"\" class=\"slider-1840 slide-1836 msDefaultImage\" \/><\/li>\n                <li style=\"display: none; width: 100%;\" class=\"slide-1837 ms-image \" aria-roledescription=\"slide\" data-date=\"2015-03-06 20:30:45\" data-filename=\"IMG_3317-700x500.jpg\" data-slide-type=\"image\"><img loading=\"lazy\" decoding=\"async\" src=\"https:\/\/www.ff-waldneukirchen.at\/wp-content\/uploads\/2015\/03\/IMG_3317-700x500.jpg\" height=\"500\" width=\"700\" alt=\"\" class=\"slider-1840 slide-1837 msDefaultImage\" \/><\/li>\n                <li style=\"display: none; width: 100%;\" class=\"slide-1838 ms-image \" aria-roledescription=\"slide\" data-date=\"2015-03-06 20:30:51\" data-filename=\"IMG_3319-700x500.jpg\" data-slide-type=\"image\"><img loading=\"lazy\" decoding=\"async\" src=\"https:\/\/www.ff-waldneukirchen.at\/wp-content\/uploads\/2015\/03\/IMG_3319-700x500.jpg\" height=\"500\" width=\"700\" alt=\"\" class=\"slider-1840 slide-1838 msDefaultImage\" \/><\/li>\n                <li style=\"display: none; width: 100%;\" class=\"slide-1839 ms-image \" aria-roledescription=\"slide\" data-date=\"2015-03-06 20:30:54\" data-filename=\"IMG_3320-700x500.jpg\" data-slide-type=\"image\"><img loading=\"lazy\" decoding=\"async\" src=\"https:\/\/www.ff-waldneukirchen.at\/wp-content\/uploads\/2015\/03\/IMG_3320-700x500.jpg\" height=\"500\" width=\"700\" alt=\"\" class=\"slider-1840 slide-1839 msDefaultImage\" \/><\/li>\n            <\/ul>\n        <\/div>\n        \n    <\/div>\n<\/div>\n","protected":false},"excerpt":{"rendered":"<p>Im Katzenmarkt fing\u00a0am 6. M\u00e4rz gegen Mittag der Dachstuhl eines landwirtschaftlichen Geb\u00e4udes\u00a0um den Kamin Feuer. Ein Nachbar entdeckte gl\u00fccklicherweise den Brand und alarmierte die Feuerwehr.<\/p>\n","protected":false},"author":2,"featured_media":1839,"comment_status":"closed","ping_status":"open","sticky":false,"template":"","format":"standard","meta":{"advgb_blocks_editor_width":"","advgb_blocks_columns_visual_guide":"","advanced_seo_description":"","jetpack_seo_html_title":"","jetpack_seo_noindex":false,"_jetpack_memberships_contains_paid_content":false,"footnotes":"","jetpack_publicize_message":"","jetpack_publicize_feature_enabled":true,"jetpack_social_post_already_shared":false,"jetpack_social_options":{"image_generator_settings":{"template":"highway","default_image_id":0,"font":"","enabled":false},"version":2}},"categories":[4],"tags":[],"class_list":["post-1834","post","type-post","status-publish","format-standard","has-post-thumbnail","hentry","category-einsatze","has-thumbnail"],"author_meta":{"display_name":"Florian Diwald","author_link":"https:\/\/www.ff-waldneukirchen.at\/?author=2"},"featured_img":"https:\/\/www.ff-waldneukirchen.at\/wp-content\/uploads\/2015\/03\/IMG_3320-300x225.jpg","jetpack_publicize_connections":[],"jetpack_featured_media_url":"https:\/\/www.ff-waldneukirchen.at\/wp-content\/uploads\/2015\/03\/IMG_3320.jpg","coauthors":[],"tax_additional":{"categories":{"linked":["<a href=\"https:\/\/www.ff-waldneukirchen.at\/?cat=4\" class=\"advgb-post-tax-term\">Eins\u00e4tze<\/a>"],"unlinked":["<span class=\"advgb-post-tax-term\">Eins\u00e4tze<\/span>"]}},"comment_count":"0","relative_dates":{"created":"Ver\u00f6ffentlicht 11\u00a0Jahren vor","modified":"Aktualisiert 11\u00a0Jahren vor"},"absolute_dates":{"created":"Ver\u00f6ffentlicht am 06\/03\/2015","modified":"Aktualisiert am 07\/03\/2015"},"absolute_dates_time":{"created":"Ver\u00f6ffentlicht am 06\/03\/2015 11:40","modified":"Aktualisiert am 07\/03\/2015 17:44"},"featured_img_caption":"","series_order":"","jetpack_sharing_enabled":true,"_links":{"self":[{"href":"https:\/\/www.ff-waldneukirchen.at\/index.php?rest_route=\/wp\/v2\/posts\/1834","targetHints":{"allow":["GET"]}}],"collection":[{"href":"https:\/\/www.ff-waldneukirchen.at\/index.php?rest_route=\/wp\/v2\/posts"}],"about":[{"href":"https:\/\/www.ff-waldneukirchen.at\/index.php?rest_route=\/wp\/v2\/types\/post"}],"author":[{"embeddable":true,"href":"https:\/\/www.ff-waldneukirchen.at\/index.php?rest_route=\/wp\/v2\/users\/2"}],"replies":[{"embeddable":true,"href":"https:\/\/www.ff-waldneukirchen.at\/index.php?rest_route=%2Fwp%2Fv2%2Fcomments&post=1834"}],"version-history":[{"count":0,"href":"https:\/\/www.ff-waldneukirchen.at\/index.php?rest_route=\/wp\/v2\/posts\/1834\/revisions"}],"wp:featuredmedia":[{"embeddable":true,"href":"https:\/\/www.ff-waldneukirchen.at\/index.php?rest_route=\/wp\/v2\/media\/1839"}],"wp:attachment":[{"href":"https:\/\/www.ff-waldneukirchen.at\/index.php?rest_route=%2Fwp%2Fv2%2Fmedia&parent=1834"}],"wp:term":[{"taxonomy":"category","embeddable":true,"href":"https:\/\/www.ff-waldneukirchen.at\/index.php?rest_route=%2Fwp%2Fv2%2Fcategories&post=1834"},{"taxonomy":"post_tag","embeddable":true,"href":"https:\/\/www.ff-waldneukirchen.at\/index.php?rest_route=%2Fwp%2Fv2%2Ftags&post=1834"}],"curies":[{"name":"wp","href":"https:\/\/api.w.org\/{rel}","templated":true}]}}