{"id":1887,"date":"2015-03-31T12:00:55","date_gmt":"2015-03-31T11:00:55","guid":{"rendered":"http:\/\/www.ff-waldneukirchen.at\/?p=1887"},"modified":"2015-03-31T16:43:29","modified_gmt":"2015-03-31T15:43:29","slug":"sturmeinsaetze","status":"publish","type":"post","link":"https:\/\/www.ff-waldneukirchen.at\/?p=1887","title":{"rendered":"Sturmeins\u00e4tze"},"content":{"rendered":"<p>Der Sturm am letzten M\u00e4rztag l\u00f6ste auch in Waldneukirchen einige kleine Eins\u00e4tze aus. Das Dach und der Rauchfang des Pfarrheims wurden besch\u00e4digt und drei B\u00e4ume, die auf die\u00a0Fahrbahn\u00a0gefallen waren, mussten von den Einsatzkr\u00e4ften entfernt werden.<\/p>\n<p><!--more--><\/p>\n<div id=\"metaslider-id-1890\" style=\"max-width: 700px;\" class=\"ml-slider-3-108-0 metaslider metaslider-flex metaslider-1890 ml-slider ms-theme-default nav-hidden\" role=\"region\" aria-label=\"20150331 Sturm\" data-height=\"500\" data-width=\"700\">\n    <div id=\"metaslider_container_1890\">\n        <div id=\"metaslider_1890\">\n            <ul class='slides'>\n                <li style=\"display: block; width: 100%;\" class=\"slide-1888 ms-image \" aria-roledescription=\"slide\" data-date=\"2015-03-31 16:03:42\" data-filename=\"IMG_3338-700x500.jpg\" data-slide-type=\"image\"><img loading=\"lazy\" decoding=\"async\" src=\"https:\/\/www.ff-waldneukirchen.at\/wp-content\/uploads\/2015\/03\/IMG_3338-700x500.jpg\" height=\"500\" width=\"700\" alt=\"\" class=\"slider-1890 slide-1888 msDefaultImage\" \/><\/li>\n                <li style=\"display: none; width: 100%;\" class=\"slide-1889 ms-image \" aria-roledescription=\"slide\" data-date=\"2015-03-31 16:03:48\" data-filename=\"IMG_3342-700x500.jpg\" data-slide-type=\"image\"><img loading=\"lazy\" decoding=\"async\" src=\"https:\/\/www.ff-waldneukirchen.at\/wp-content\/uploads\/2015\/03\/IMG_3342-700x500.jpg\" height=\"500\" width=\"700\" alt=\"\" class=\"slider-1890 slide-1889 msDefaultImage\" \/><\/li>\n                <li style=\"display: none; width: 100%;\" class=\"slide-1893 ms-image \" aria-roledescription=\"slide\" data-date=\"2015-03-31 16:41:41\" data-filename=\"IMG_3346-700x500.jpg\" data-slide-type=\"image\"><img loading=\"lazy\" decoding=\"async\" src=\"https:\/\/www.ff-waldneukirchen.at\/wp-content\/uploads\/2015\/03\/IMG_3346-700x500.jpg\" height=\"500\" width=\"700\" alt=\"\" class=\"slider-1890 slide-1893 msDefaultImage\" \/><\/li>\n                <li style=\"display: none; width: 100%;\" class=\"slide-1892 ms-image \" aria-roledescription=\"slide\" data-date=\"2015-03-31 16:41:33\" data-filename=\"IMG_3350-700x500.jpg\" data-slide-type=\"image\"><img loading=\"lazy\" decoding=\"async\" src=\"https:\/\/www.ff-waldneukirchen.at\/wp-content\/uploads\/2015\/03\/IMG_3350-700x500.jpg\" height=\"500\" width=\"700\" alt=\"\" class=\"slider-1890 slide-1892 msDefaultImage\" \/><\/li>\n                <li style=\"display: none; width: 100%;\" class=\"slide-1891 ms-image \" aria-roledescription=\"slide\" data-date=\"2015-03-31 16:41:21\" data-filename=\"IMG_3349-700x500.jpg\" data-slide-type=\"image\"><img loading=\"lazy\" decoding=\"async\" src=\"https:\/\/www.ff-waldneukirchen.at\/wp-content\/uploads\/2015\/03\/IMG_3349-700x500.jpg\" height=\"500\" width=\"700\" alt=\"\" class=\"slider-1890 slide-1891 msDefaultImage\" \/><\/li>\n            <\/ul>\n        <\/div>\n        \n    <\/div>\n<\/div>\n","protected":false},"excerpt":{"rendered":"<p>Der Sturm am letzten M\u00e4rztag l\u00f6ste auch in Waldneukirchen einige kleine Eins\u00e4tze aus. Das Dach und der Rauchfang des Pfarrheims wurden besch\u00e4digt und drei B\u00e4ume, die auf die\u00a0Fahrbahn\u00a0gefallen waren, mussten von den Einsatzkr\u00e4ften entfernt werden.<\/p>\n","protected":false},"author":2,"featured_media":1889,"comment_status":"closed","ping_status":"open","sticky":false,"template":"","format":"standard","meta":{"advgb_blocks_editor_width":"","advgb_blocks_columns_visual_guide":"","advanced_seo_description":"","jetpack_seo_html_title":"","jetpack_seo_noindex":false,"_jetpack_memberships_contains_paid_content":false,"footnotes":"","jetpack_publicize_message":"","jetpack_publicize_feature_enabled":true,"jetpack_social_post_already_shared":false,"jetpack_social_options":{"image_generator_settings":{"template":"highway","default_image_id":0,"font":"","enabled":false},"version":2}},"categories":[4],"tags":[],"class_list":["post-1887","post","type-post","status-publish","format-standard","has-post-thumbnail","hentry","category-einsatze","has-thumbnail"],"author_meta":{"display_name":"Florian Diwald","author_link":"https:\/\/www.ff-waldneukirchen.at\/?author=2"},"featured_img":"https:\/\/www.ff-waldneukirchen.at\/wp-content\/uploads\/2015\/03\/IMG_3342-225x300.jpg","jetpack_publicize_connections":[],"jetpack_featured_media_url":"https:\/\/www.ff-waldneukirchen.at\/wp-content\/uploads\/2015\/03\/IMG_3342.jpg","coauthors":[],"tax_additional":{"categories":{"linked":["<a href=\"https:\/\/www.ff-waldneukirchen.at\/?cat=4\" class=\"advgb-post-tax-term\">Eins\u00e4tze<\/a>"],"unlinked":["<span class=\"advgb-post-tax-term\">Eins\u00e4tze<\/span>"]}},"comment_count":"0","relative_dates":{"created":"Ver\u00f6ffentlicht 11\u00a0Jahren vor","modified":"Aktualisiert 11\u00a0Jahren vor"},"absolute_dates":{"created":"Ver\u00f6ffentlicht am 31\/03\/2015","modified":"Aktualisiert am 31\/03\/2015"},"absolute_dates_time":{"created":"Ver\u00f6ffentlicht am 31\/03\/2015 12:00","modified":"Aktualisiert am 31\/03\/2015 16:43"},"featured_img_caption":"","series_order":"","jetpack_sharing_enabled":true,"_links":{"self":[{"href":"https:\/\/www.ff-waldneukirchen.at\/index.php?rest_route=\/wp\/v2\/posts\/1887","targetHints":{"allow":["GET"]}}],"collection":[{"href":"https:\/\/www.ff-waldneukirchen.at\/index.php?rest_route=\/wp\/v2\/posts"}],"about":[{"href":"https:\/\/www.ff-waldneukirchen.at\/index.php?rest_route=\/wp\/v2\/types\/post"}],"author":[{"embeddable":true,"href":"https:\/\/www.ff-waldneukirchen.at\/index.php?rest_route=\/wp\/v2\/users\/2"}],"replies":[{"embeddable":true,"href":"https:\/\/www.ff-waldneukirchen.at\/index.php?rest_route=%2Fwp%2Fv2%2Fcomments&post=1887"}],"version-history":[{"count":0,"href":"https:\/\/www.ff-waldneukirchen.at\/index.php?rest_route=\/wp\/v2\/posts\/1887\/revisions"}],"wp:featuredmedia":[{"embeddable":true,"href":"https:\/\/www.ff-waldneukirchen.at\/index.php?rest_route=\/wp\/v2\/media\/1889"}],"wp:attachment":[{"href":"https:\/\/www.ff-waldneukirchen.at\/index.php?rest_route=%2Fwp%2Fv2%2Fmedia&parent=1887"}],"wp:term":[{"taxonomy":"category","embeddable":true,"href":"https:\/\/www.ff-waldneukirchen.at\/index.php?rest_route=%2Fwp%2Fv2%2Fcategories&post=1887"},{"taxonomy":"post_tag","embeddable":true,"href":"https:\/\/www.ff-waldneukirchen.at\/index.php?rest_route=%2Fwp%2Fv2%2Ftags&post=1887"}],"curies":[{"name":"wp","href":"https:\/\/api.w.org\/{rel}","templated":true}]}}