{"id":1895,"date":"2015-04-04T08:00:26","date_gmt":"2015-04-04T07:00:26","guid":{"rendered":"http:\/\/www.ff-waldneukirchen.at\/?p=1895"},"modified":"2015-04-04T11:30:21","modified_gmt":"2015-04-04T10:30:21","slug":"ff-haus-adlwang-in-flammen","status":"publish","type":"post","link":"https:\/\/www.ff-waldneukirchen.at\/?p=1895","title":{"rendered":"FF-Haus Adlwang in Flammen"},"content":{"rendered":"<p>Im Rahmen einer Atemschutz\u00fcbung nahm die Feuerwehr Adlwang von ihrem ausgedienten Feuerwehrhaus Abschied. Die Feuerwehren des Abschnittes sowie die Feuerwehr Nussbach waren dazu eingeladen.<\/p>\n<p><!--more--><\/p>\n<p>Von unserer Wehr nahmen zwei Trupps mit je drei Atemschutztr\u00e4gern an der \u00dcbung teil. Die Trupps wurden auf die Stockwerke aufgeteilt und mit der Suche nach vermissten Personen beauftragt.<\/p>\n<p>Ein Mann unseres ersten Trupps verlor w\u00e4hrend der Suche das Bewusstsein (\u00dcbungsannahme) und musste von den anderen beiden aus dem Dachgeschoss nach unten ins Freie getragen werden.<\/p>\n<p>Sp\u00e4ter wurde der zweite Trupp in den Keller des Geb\u00e4udes geschickt, um dort ebenfalls eine vermisste Person zu retten und die Flammen zu l\u00f6schen. Au\u00dferdem halfen sie einem Trupp im Dachgeschoss, bei dem ebenfalls ein Mann das Bewusstsein verlor.<\/p>\n<p><a title=\"FF Adlwang\" href=\"http:\/\/www.ff-adlwang.at\/cms\/\" target=\"_blank\">ff-adlwang.at<\/a><\/p>\n<div id=\"metaslider-id-1905\" style=\"max-width: 700px;\" class=\"ml-slider-3-108-0 metaslider metaslider-flex metaslider-1905 ml-slider ms-theme-default nav-hidden\" role=\"region\" aria-label=\"20150404 AS-\u00dcbung Adlwang\" data-height=\"500\" data-width=\"700\">\n    <div id=\"metaslider_container_1905\">\n        <div id=\"metaslider_1905\">\n            <ul class='slides'>\n                <li style=\"display: block; width: 100%;\" class=\"slide-1899 ms-image \" aria-roledescription=\"slide\" data-date=\"2015-04-04 11:21:10\" data-filename=\"IMG_3356-700x500.jpg\" data-slide-type=\"image\"><img loading=\"lazy\" decoding=\"async\" src=\"https:\/\/www.ff-waldneukirchen.at\/wp-content\/uploads\/2015\/04\/IMG_3356-700x500.jpg\" height=\"500\" width=\"700\" alt=\"\" class=\"slider-1905 slide-1899 msDefaultImage\" \/><\/li>\n                <li style=\"display: none; width: 100%;\" class=\"slide-1900 ms-image \" aria-roledescription=\"slide\" data-date=\"2015-04-04 11:21:18\" data-filename=\"IMG_3357-700x500.jpg\" data-slide-type=\"image\"><img loading=\"lazy\" decoding=\"async\" src=\"https:\/\/www.ff-waldneukirchen.at\/wp-content\/uploads\/2015\/04\/IMG_3357-700x500.jpg\" height=\"500\" width=\"700\" alt=\"\" class=\"slider-1905 slide-1900 msDefaultImage\" \/><\/li>\n                <li style=\"display: none; width: 100%;\" class=\"slide-1901 ms-image \" aria-roledescription=\"slide\" data-date=\"2015-04-04 11:21:29\" data-filename=\"IMG_3359-700x500.jpg\" data-slide-type=\"image\"><img loading=\"lazy\" decoding=\"async\" src=\"https:\/\/www.ff-waldneukirchen.at\/wp-content\/uploads\/2015\/04\/IMG_3359-700x500.jpg\" height=\"500\" width=\"700\" alt=\"\" class=\"slider-1905 slide-1901 msDefaultImage\" \/><\/li>\n                <li style=\"display: none; width: 100%;\" class=\"slide-1902 ms-image \" aria-roledescription=\"slide\" data-date=\"2015-04-04 11:21:38\" data-filename=\"IMG_3363-700x500.jpg\" data-slide-type=\"image\"><img loading=\"lazy\" decoding=\"async\" src=\"https:\/\/www.ff-waldneukirchen.at\/wp-content\/uploads\/2015\/04\/IMG_3363-700x500.jpg\" height=\"500\" width=\"700\" alt=\"\" class=\"slider-1905 slide-1902 msDefaultImage\" \/><\/li>\n                <li style=\"display: none; width: 100%;\" class=\"slide-1903 ms-image \" aria-roledescription=\"slide\" data-date=\"2015-04-04 11:21:48\" data-filename=\"IMG_3370-700x500.jpg\" data-slide-type=\"image\"><img loading=\"lazy\" decoding=\"async\" src=\"https:\/\/www.ff-waldneukirchen.at\/wp-content\/uploads\/2015\/04\/IMG_3370-700x500.jpg\" height=\"500\" width=\"700\" alt=\"\" class=\"slider-1905 slide-1903 msDefaultImage\" \/><\/li>\n                <li style=\"display: none; width: 100%;\" class=\"slide-1904 ms-image \" aria-roledescription=\"slide\" data-date=\"2015-04-04 11:21:58\" data-filename=\"IMG_3373-700x500.jpg\" data-slide-type=\"image\"><img loading=\"lazy\" decoding=\"async\" src=\"https:\/\/www.ff-waldneukirchen.at\/wp-content\/uploads\/2015\/04\/IMG_3373-700x500.jpg\" height=\"500\" width=\"700\" alt=\"\" class=\"slider-1905 slide-1904 msDefaultImage\" \/><\/li>\n                <li style=\"display: none; width: 100%;\" class=\"slide-1898 ms-image \" aria-roledescription=\"slide\" data-date=\"2015-04-04 11:21:00\" data-filename=\"IMG_3354-700x500.jpg\" data-slide-type=\"image\"><img loading=\"lazy\" decoding=\"async\" src=\"https:\/\/www.ff-waldneukirchen.at\/wp-content\/uploads\/2015\/04\/IMG_3354-700x500.jpg\" height=\"500\" width=\"700\" alt=\"\" class=\"slider-1905 slide-1898 msDefaultImage\" \/><\/li>\n            <\/ul>\n        <\/div>\n        \n    <\/div>\n<\/div>\n","protected":false},"excerpt":{"rendered":"<p>Im Rahmen einer Atemschutz\u00fcbung nahm die Feuerwehr Adlwang von ihrem ausgedienten Feuerwehrhaus Abschied. Die Feuerwehren des Abschnittes sowie die Feuerwehr Nussbach waren dazu eingeladen.<\/p>\n","protected":false},"author":2,"featured_media":1900,"comment_status":"closed","ping_status":"open","sticky":false,"template":"","format":"standard","meta":{"advgb_blocks_editor_width":"","advgb_blocks_columns_visual_guide":"","advanced_seo_description":"","jetpack_seo_html_title":"","jetpack_seo_noindex":false,"_jetpack_memberships_contains_paid_content":false,"footnotes":"","jetpack_publicize_message":"","jetpack_publicize_feature_enabled":true,"jetpack_social_post_already_shared":false,"jetpack_social_options":{"image_generator_settings":{"template":"highway","default_image_id":0,"font":"","enabled":false},"version":2}},"categories":[5],"tags":[],"class_list":["post-1895","post","type-post","status-publish","format-standard","has-post-thumbnail","hentry","category-ubungen","has-thumbnail"],"author_meta":{"display_name":"Florian Diwald","author_link":"https:\/\/www.ff-waldneukirchen.at\/?author=2"},"featured_img":"https:\/\/www.ff-waldneukirchen.at\/wp-content\/uploads\/2015\/04\/IMG_3357-300x225.jpg","jetpack_publicize_connections":[],"jetpack_featured_media_url":"https:\/\/www.ff-waldneukirchen.at\/wp-content\/uploads\/2015\/04\/IMG_3357.jpg","coauthors":[],"tax_additional":{"categories":{"linked":["<a href=\"https:\/\/www.ff-waldneukirchen.at\/?cat=5\" class=\"advgb-post-tax-term\">\u00dcbungen<\/a>"],"unlinked":["<span class=\"advgb-post-tax-term\">\u00dcbungen<\/span>"]}},"comment_count":"0","relative_dates":{"created":"Ver\u00f6ffentlicht 11\u00a0Jahren vor","modified":"Aktualisiert 11\u00a0Jahren vor"},"absolute_dates":{"created":"Ver\u00f6ffentlicht am 04\/04\/2015","modified":"Aktualisiert am 04\/04\/2015"},"absolute_dates_time":{"created":"Ver\u00f6ffentlicht am 04\/04\/2015 08:00","modified":"Aktualisiert am 04\/04\/2015 11:30"},"featured_img_caption":"","series_order":"","jetpack_sharing_enabled":true,"_links":{"self":[{"href":"https:\/\/www.ff-waldneukirchen.at\/index.php?rest_route=\/wp\/v2\/posts\/1895","targetHints":{"allow":["GET"]}}],"collection":[{"href":"https:\/\/www.ff-waldneukirchen.at\/index.php?rest_route=\/wp\/v2\/posts"}],"about":[{"href":"https:\/\/www.ff-waldneukirchen.at\/index.php?rest_route=\/wp\/v2\/types\/post"}],"author":[{"embeddable":true,"href":"https:\/\/www.ff-waldneukirchen.at\/index.php?rest_route=\/wp\/v2\/users\/2"}],"replies":[{"embeddable":true,"href":"https:\/\/www.ff-waldneukirchen.at\/index.php?rest_route=%2Fwp%2Fv2%2Fcomments&post=1895"}],"version-history":[{"count":0,"href":"https:\/\/www.ff-waldneukirchen.at\/index.php?rest_route=\/wp\/v2\/posts\/1895\/revisions"}],"wp:featuredmedia":[{"embeddable":true,"href":"https:\/\/www.ff-waldneukirchen.at\/index.php?rest_route=\/wp\/v2\/media\/1900"}],"wp:attachment":[{"href":"https:\/\/www.ff-waldneukirchen.at\/index.php?rest_route=%2Fwp%2Fv2%2Fmedia&parent=1895"}],"wp:term":[{"taxonomy":"category","embeddable":true,"href":"https:\/\/www.ff-waldneukirchen.at\/index.php?rest_route=%2Fwp%2Fv2%2Fcategories&post=1895"},{"taxonomy":"post_tag","embeddable":true,"href":"https:\/\/www.ff-waldneukirchen.at\/index.php?rest_route=%2Fwp%2Fv2%2Ftags&post=1895"}],"curies":[{"name":"wp","href":"https:\/\/api.w.org\/{rel}","templated":true}]}}