{"id":5155,"date":"2019-07-22T21:26:54","date_gmt":"2019-07-22T20:26:54","guid":{"rendered":"https:\/\/www.ff-waldneukirchen.at\/?p=5155"},"modified":"2019-11-02T12:07:48","modified_gmt":"2019-11-02T11:07:48","slug":"viertbeste-jugendgruppe-der-welt","status":"publish","type":"post","link":"https:\/\/www.ff-waldneukirchen.at\/?p=5155","title":{"rendered":"Viertbeste Jugendgruppe der Welt"},"content":{"rendered":"\n<p>Unsere Jugendgruppe darf sich \u00fcber den hervorragenden vierten Platz bei der Feuerwehrjugend-Weltmeisterschaft freuen. Sie musste sich nur drei der 56 Gruppen aus 23 Nationen geschlagen geben.<\/p>\n\n\n\n<p>Dreizehn Burschen fuhren gemeinsam mit ihren Betreuern eine Woche in die Schweiz nach Martigny und bereiteten sich auf den Wettkampf am Donnerstag vor. Drei von ihnen konnten aufgrund einer Teamumstellung nicht mitlaufen, durften die Gruppe aber zur WM begleiten. Bei der Zusammenstellung von vier internationalen Gruppen bekamen unsere &#8222;Reservem\u00e4nner&#8220; eine zweite Chance und vertraten \u00d6sterreich in der Gruppe International 2.<\/p>\n\n\n\n<ul class=\"wp-block-gallery columns-1 is-cropped wp-block-gallery-1\"><li class=\"blocks-gallery-item\"><figure><img loading=\"lazy\" decoding=\"async\" width=\"1000\" height=\"751\" data-attachment-id=\"5157\" data-permalink=\"https:\/\/www.ff-waldneukirchen.at\/?attachment_id=5157\" data-orig-file=\"https:\/\/www.ff-waldneukirchen.at\/wp-content\/uploads\/2019\/07\/P1120592.jpg\" data-orig-size=\"1000,751\" data-comments-opened=\"0\" data-image-meta=\"{&quot;aperture&quot;:&quot;5&quot;,&quot;credit&quot;:&quot;Picasa&quot;,&quot;camera&quot;:&quot;DMC-G81&quot;,&quot;caption&quot;:&quot;&quot;,&quot;created_timestamp&quot;:&quot;1563127953&quot;,&quot;copyright&quot;:&quot;&quot;,&quot;focal_length&quot;:&quot;15&quot;,&quot;iso&quot;:&quot;200&quot;,&quot;shutter_speed&quot;:&quot;0.0025&quot;,&quot;title&quot;:&quot;&quot;,&quot;orientation&quot;:&quot;0&quot;}\" data-image-title=\"P1120592\" data-image-description=\"\" data-image-caption=\"\" data-large-file=\"https:\/\/www.ff-waldneukirchen.at\/wp-content\/uploads\/2019\/07\/P1120592.jpg\" src=\"https:\/\/www.ff-waldneukirchen.at\/wp-content\/uploads\/2019\/07\/P1120592.jpg\" alt=\"\" data-id=\"5157\" data-link=\"https:\/\/www.ff-waldneukirchen.at\/?attachment_id=5157\" class=\"wp-image-5157\" srcset=\"https:\/\/www.ff-waldneukirchen.at\/wp-content\/uploads\/2019\/07\/P1120592.jpg 1000w, https:\/\/www.ff-waldneukirchen.at\/wp-content\/uploads\/2019\/07\/P1120592-300x225.jpg 300w, https:\/\/www.ff-waldneukirchen.at\/wp-content\/uploads\/2019\/07\/P1120592-768x577.jpg 768w, https:\/\/www.ff-waldneukirchen.at\/wp-content\/uploads\/2019\/07\/P1120592-400x300.jpg 400w, https:\/\/www.ff-waldneukirchen.at\/wp-content\/uploads\/2019\/07\/P1120592-800x601.jpg 800w\" sizes=\"auto, (max-width: 1000px) 100vw, 1000px\" \/><\/figure><\/li><li class=\"blocks-gallery-item\"><figure><img loading=\"lazy\" decoding=\"async\" width=\"1000\" height=\"750\" data-attachment-id=\"5160\" data-permalink=\"https:\/\/www.ff-waldneukirchen.at\/?attachment_id=5160\" data-orig-file=\"https:\/\/www.ff-waldneukirchen.at\/wp-content\/uploads\/2019\/07\/P1120862.jpg\" data-orig-size=\"1000,750\" data-comments-opened=\"0\" data-image-meta=\"{&quot;aperture&quot;:&quot;4&quot;,&quot;credit&quot;:&quot;Picasa&quot;,&quot;camera&quot;:&quot;DMC-G81&quot;,&quot;caption&quot;:&quot;&quot;,&quot;created_timestamp&quot;:&quot;1563278875&quot;,&quot;copyright&quot;:&quot;&quot;,&quot;focal_length&quot;:&quot;35&quot;,&quot;iso&quot;:&quot;200&quot;,&quot;shutter_speed&quot;:&quot;0.000625&quot;,&quot;title&quot;:&quot;&quot;,&quot;orientation&quot;:&quot;0&quot;}\" data-image-title=\"P1120862\" data-image-description=\"\" data-image-caption=\"\" data-large-file=\"https:\/\/www.ff-waldneukirchen.at\/wp-content\/uploads\/2019\/07\/P1120862.jpg\" src=\"https:\/\/www.ff-waldneukirchen.at\/wp-content\/uploads\/2019\/07\/P1120862.jpg\" alt=\"\" data-id=\"5160\" data-link=\"https:\/\/www.ff-waldneukirchen.at\/?attachment_id=5160\" class=\"wp-image-5160\" srcset=\"https:\/\/www.ff-waldneukirchen.at\/wp-content\/uploads\/2019\/07\/P1120862.jpg 1000w, https:\/\/www.ff-waldneukirchen.at\/wp-content\/uploads\/2019\/07\/P1120862-300x225.jpg 300w, https:\/\/www.ff-waldneukirchen.at\/wp-content\/uploads\/2019\/07\/P1120862-768x576.jpg 768w, https:\/\/www.ff-waldneukirchen.at\/wp-content\/uploads\/2019\/07\/P1120862-400x300.jpg 400w, https:\/\/www.ff-waldneukirchen.at\/wp-content\/uploads\/2019\/07\/P1120862-800x600.jpg 800w\" sizes=\"auto, (max-width: 1000px) 100vw, 1000px\" \/><\/figure><\/li><li class=\"blocks-gallery-item\"><figure><img loading=\"lazy\" decoding=\"async\" width=\"1000\" height=\"751\" data-attachment-id=\"5159\" data-permalink=\"https:\/\/www.ff-waldneukirchen.at\/?attachment_id=5159\" data-orig-file=\"https:\/\/www.ff-waldneukirchen.at\/wp-content\/uploads\/2019\/07\/P1120799.jpg\" data-orig-size=\"1000,751\" data-comments-opened=\"0\" data-image-meta=\"{&quot;aperture&quot;:&quot;6.3&quot;,&quot;credit&quot;:&quot;Picasa&quot;,&quot;camera&quot;:&quot;DMC-G81&quot;,&quot;caption&quot;:&quot;&quot;,&quot;created_timestamp&quot;:&quot;1563278297&quot;,&quot;copyright&quot;:&quot;&quot;,&quot;focal_length&quot;:&quot;35&quot;,&quot;iso&quot;:&quot;200&quot;,&quot;shutter_speed&quot;:&quot;0.00125&quot;,&quot;title&quot;:&quot;&quot;,&quot;orientation&quot;:&quot;0&quot;}\" data-image-title=\"P1120799\" data-image-description=\"\" data-image-caption=\"\" data-large-file=\"https:\/\/www.ff-waldneukirchen.at\/wp-content\/uploads\/2019\/07\/P1120799.jpg\" src=\"https:\/\/www.ff-waldneukirchen.at\/wp-content\/uploads\/2019\/07\/P1120799.jpg\" alt=\"\" data-id=\"5159\" data-link=\"https:\/\/www.ff-waldneukirchen.at\/?attachment_id=5159\" class=\"wp-image-5159\" srcset=\"https:\/\/www.ff-waldneukirchen.at\/wp-content\/uploads\/2019\/07\/P1120799.jpg 1000w, https:\/\/www.ff-waldneukirchen.at\/wp-content\/uploads\/2019\/07\/P1120799-300x225.jpg 300w, https:\/\/www.ff-waldneukirchen.at\/wp-content\/uploads\/2019\/07\/P1120799-768x577.jpg 768w, https:\/\/www.ff-waldneukirchen.at\/wp-content\/uploads\/2019\/07\/P1120799-400x300.jpg 400w, https:\/\/www.ff-waldneukirchen.at\/wp-content\/uploads\/2019\/07\/P1120799-800x601.jpg 800w\" sizes=\"auto, (max-width: 1000px) 100vw, 1000px\" \/><\/figure><\/li><li class=\"blocks-gallery-item\"><figure><img loading=\"lazy\" decoding=\"async\" width=\"1000\" height=\"751\" data-attachment-id=\"5158\" data-permalink=\"https:\/\/www.ff-waldneukirchen.at\/?attachment_id=5158\" data-orig-file=\"https:\/\/www.ff-waldneukirchen.at\/wp-content\/uploads\/2019\/07\/P1120697.jpg\" data-orig-size=\"1000,751\" data-comments-opened=\"0\" data-image-meta=\"{&quot;aperture&quot;:&quot;5&quot;,&quot;credit&quot;:&quot;Picasa&quot;,&quot;camera&quot;:&quot;DMC-G81&quot;,&quot;caption&quot;:&quot;&quot;,&quot;created_timestamp&quot;:&quot;1563192535&quot;,&quot;copyright&quot;:&quot;&quot;,&quot;focal_length&quot;:&quot;13&quot;,&quot;iso&quot;:&quot;200&quot;,&quot;shutter_speed&quot;:&quot;0.0025&quot;,&quot;title&quot;:&quot;&quot;,&quot;orientation&quot;:&quot;0&quot;}\" data-image-title=\"P1120697\" data-image-description=\"\" data-image-caption=\"\" data-large-file=\"https:\/\/www.ff-waldneukirchen.at\/wp-content\/uploads\/2019\/07\/P1120697.jpg\" src=\"https:\/\/www.ff-waldneukirchen.at\/wp-content\/uploads\/2019\/07\/P1120697.jpg\" alt=\"\" data-id=\"5158\" data-link=\"https:\/\/www.ff-waldneukirchen.at\/?attachment_id=5158\" class=\"wp-image-5158\" srcset=\"https:\/\/www.ff-waldneukirchen.at\/wp-content\/uploads\/2019\/07\/P1120697.jpg 1000w, https:\/\/www.ff-waldneukirchen.at\/wp-content\/uploads\/2019\/07\/P1120697-300x225.jpg 300w, https:\/\/www.ff-waldneukirchen.at\/wp-content\/uploads\/2019\/07\/P1120697-768x577.jpg 768w, https:\/\/www.ff-waldneukirchen.at\/wp-content\/uploads\/2019\/07\/P1120697-400x300.jpg 400w, https:\/\/www.ff-waldneukirchen.at\/wp-content\/uploads\/2019\/07\/P1120697-800x601.jpg 800w\" sizes=\"auto, (max-width: 1000px) 100vw, 1000px\" \/><\/figure><\/li><li class=\"blocks-gallery-item\"><figure><img loading=\"lazy\" decoding=\"async\" width=\"1000\" height=\"751\" data-attachment-id=\"5165\" data-permalink=\"https:\/\/www.ff-waldneukirchen.at\/?attachment_id=5165\" data-orig-file=\"https:\/\/www.ff-waldneukirchen.at\/wp-content\/uploads\/2019\/07\/P1130333.jpg\" data-orig-size=\"1000,751\" data-comments-opened=\"0\" data-image-meta=\"{&quot;aperture&quot;:&quot;6.3&quot;,&quot;credit&quot;:&quot;Picasa&quot;,&quot;camera&quot;:&quot;DMC-G81&quot;,&quot;caption&quot;:&quot;&quot;,&quot;created_timestamp&quot;:&quot;1563357278&quot;,&quot;copyright&quot;:&quot;&quot;,&quot;focal_length&quot;:&quot;30&quot;,&quot;iso&quot;:&quot;200&quot;,&quot;shutter_speed&quot;:&quot;0.0015625&quot;,&quot;title&quot;:&quot;&quot;,&quot;orientation&quot;:&quot;0&quot;}\" data-image-title=\"P1130333\" data-image-description=\"\" data-image-caption=\"\" data-large-file=\"https:\/\/www.ff-waldneukirchen.at\/wp-content\/uploads\/2019\/07\/P1130333.jpg\" src=\"https:\/\/www.ff-waldneukirchen.at\/wp-content\/uploads\/2019\/07\/P1130333.jpg\" alt=\"\" data-id=\"5165\" data-link=\"https:\/\/www.ff-waldneukirchen.at\/?attachment_id=5165\" class=\"wp-image-5165\" srcset=\"https:\/\/www.ff-waldneukirchen.at\/wp-content\/uploads\/2019\/07\/P1130333.jpg 1000w, https:\/\/www.ff-waldneukirchen.at\/wp-content\/uploads\/2019\/07\/P1130333-300x225.jpg 300w, https:\/\/www.ff-waldneukirchen.at\/wp-content\/uploads\/2019\/07\/P1130333-768x577.jpg 768w, https:\/\/www.ff-waldneukirchen.at\/wp-content\/uploads\/2019\/07\/P1130333-400x300.jpg 400w, https:\/\/www.ff-waldneukirchen.at\/wp-content\/uploads\/2019\/07\/P1130333-800x601.jpg 800w\" sizes=\"auto, (max-width: 1000px) 100vw, 1000px\" \/><\/figure><\/li><li class=\"blocks-gallery-item\"><figure><img loading=\"lazy\" decoding=\"async\" width=\"1000\" height=\"750\" data-attachment-id=\"5164\" data-permalink=\"https:\/\/www.ff-waldneukirchen.at\/?attachment_id=5164\" data-orig-file=\"https:\/\/www.ff-waldneukirchen.at\/wp-content\/uploads\/2019\/07\/P1130242.jpg\" data-orig-size=\"1000,750\" data-comments-opened=\"0\" data-image-meta=\"{&quot;aperture&quot;:&quot;3.2&quot;,&quot;credit&quot;:&quot;Picasa&quot;,&quot;camera&quot;:&quot;DMC-G81&quot;,&quot;caption&quot;:&quot;&quot;,&quot;created_timestamp&quot;:&quot;1563296681&quot;,&quot;copyright&quot;:&quot;&quot;,&quot;focal_length&quot;:&quot;35&quot;,&quot;iso&quot;:&quot;200&quot;,&quot;shutter_speed&quot;:&quot;0.00076923076923077&quot;,&quot;title&quot;:&quot;&quot;,&quot;orientation&quot;:&quot;0&quot;}\" data-image-title=\"P1130242\" data-image-description=\"\" data-image-caption=\"\" data-large-file=\"https:\/\/www.ff-waldneukirchen.at\/wp-content\/uploads\/2019\/07\/P1130242.jpg\" src=\"https:\/\/www.ff-waldneukirchen.at\/wp-content\/uploads\/2019\/07\/P1130242.jpg\" alt=\"\" data-id=\"5164\" data-link=\"https:\/\/www.ff-waldneukirchen.at\/?attachment_id=5164\" class=\"wp-image-5164\" srcset=\"https:\/\/www.ff-waldneukirchen.at\/wp-content\/uploads\/2019\/07\/P1130242.jpg 1000w, https:\/\/www.ff-waldneukirchen.at\/wp-content\/uploads\/2019\/07\/P1130242-300x225.jpg 300w, https:\/\/www.ff-waldneukirchen.at\/wp-content\/uploads\/2019\/07\/P1130242-768x576.jpg 768w, https:\/\/www.ff-waldneukirchen.at\/wp-content\/uploads\/2019\/07\/P1130242-400x300.jpg 400w, https:\/\/www.ff-waldneukirchen.at\/wp-content\/uploads\/2019\/07\/P1130242-800x600.jpg 800w\" sizes=\"auto, (max-width: 1000px) 100vw, 1000px\" \/><\/figure><\/li><li class=\"blocks-gallery-item\"><figure><img loading=\"lazy\" decoding=\"async\" width=\"1000\" height=\"752\" data-attachment-id=\"5163\" data-permalink=\"https:\/\/www.ff-waldneukirchen.at\/?attachment_id=5163\" data-orig-file=\"https:\/\/www.ff-waldneukirchen.at\/wp-content\/uploads\/2019\/07\/P1130181.jpg\" data-orig-size=\"1000,752\" data-comments-opened=\"0\" data-image-meta=\"{&quot;aperture&quot;:&quot;2.8&quot;,&quot;credit&quot;:&quot;Picasa&quot;,&quot;camera&quot;:&quot;DMC-G81&quot;,&quot;caption&quot;:&quot;&quot;,&quot;created_timestamp&quot;:&quot;1563296399&quot;,&quot;copyright&quot;:&quot;&quot;,&quot;focal_length&quot;:&quot;35&quot;,&quot;iso&quot;:&quot;200&quot;,&quot;shutter_speed&quot;:&quot;0.0005&quot;,&quot;title&quot;:&quot;&quot;,&quot;orientation&quot;:&quot;0&quot;}\" data-image-title=\"P1130181\" data-image-description=\"\" data-image-caption=\"\" data-large-file=\"https:\/\/www.ff-waldneukirchen.at\/wp-content\/uploads\/2019\/07\/P1130181.jpg\" src=\"https:\/\/www.ff-waldneukirchen.at\/wp-content\/uploads\/2019\/07\/P1130181.jpg\" alt=\"\" data-id=\"5163\" data-link=\"https:\/\/www.ff-waldneukirchen.at\/?attachment_id=5163\" class=\"wp-image-5163\" srcset=\"https:\/\/www.ff-waldneukirchen.at\/wp-content\/uploads\/2019\/07\/P1130181.jpg 1000w, https:\/\/www.ff-waldneukirchen.at\/wp-content\/uploads\/2019\/07\/P1130181-300x226.jpg 300w, https:\/\/www.ff-waldneukirchen.at\/wp-content\/uploads\/2019\/07\/P1130181-768x578.jpg 768w, https:\/\/www.ff-waldneukirchen.at\/wp-content\/uploads\/2019\/07\/P1130181-400x301.jpg 400w, https:\/\/www.ff-waldneukirchen.at\/wp-content\/uploads\/2019\/07\/P1130181-800x602.jpg 800w\" sizes=\"auto, (max-width: 1000px) 100vw, 1000px\" \/><\/figure><\/li><li class=\"blocks-gallery-item\"><figure><img loading=\"lazy\" decoding=\"async\" width=\"1000\" height=\"751\" data-attachment-id=\"5162\" data-permalink=\"https:\/\/www.ff-waldneukirchen.at\/?attachment_id=5162\" data-orig-file=\"https:\/\/www.ff-waldneukirchen.at\/wp-content\/uploads\/2019\/07\/P1130141.jpg\" data-orig-size=\"1000,751\" data-comments-opened=\"0\" data-image-meta=\"{&quot;aperture&quot;:&quot;6.3&quot;,&quot;credit&quot;:&quot;Picasa&quot;,&quot;camera&quot;:&quot;DMC-G81&quot;,&quot;caption&quot;:&quot;&quot;,&quot;created_timestamp&quot;:&quot;1563293712&quot;,&quot;copyright&quot;:&quot;&quot;,&quot;focal_length&quot;:&quot;12&quot;,&quot;iso&quot;:&quot;200&quot;,&quot;shutter_speed&quot;:&quot;0.0015625&quot;,&quot;title&quot;:&quot;&quot;,&quot;orientation&quot;:&quot;0&quot;}\" data-image-title=\"P1130141\" data-image-description=\"\" data-image-caption=\"\" data-large-file=\"https:\/\/www.ff-waldneukirchen.at\/wp-content\/uploads\/2019\/07\/P1130141.jpg\" src=\"https:\/\/www.ff-waldneukirchen.at\/wp-content\/uploads\/2019\/07\/P1130141.jpg\" alt=\"\" data-id=\"5162\" data-link=\"https:\/\/www.ff-waldneukirchen.at\/?attachment_id=5162\" class=\"wp-image-5162\" srcset=\"https:\/\/www.ff-waldneukirchen.at\/wp-content\/uploads\/2019\/07\/P1130141.jpg 1000w, https:\/\/www.ff-waldneukirchen.at\/wp-content\/uploads\/2019\/07\/P1130141-300x225.jpg 300w, https:\/\/www.ff-waldneukirchen.at\/wp-content\/uploads\/2019\/07\/P1130141-768x577.jpg 768w, https:\/\/www.ff-waldneukirchen.at\/wp-content\/uploads\/2019\/07\/P1130141-400x300.jpg 400w, https:\/\/www.ff-waldneukirchen.at\/wp-content\/uploads\/2019\/07\/P1130141-800x601.jpg 800w\" sizes=\"auto, (max-width: 1000px) 100vw, 1000px\" \/><\/figure><\/li><li class=\"blocks-gallery-item\"><figure><img loading=\"lazy\" decoding=\"async\" width=\"1000\" height=\"751\" data-attachment-id=\"5161\" data-permalink=\"https:\/\/www.ff-waldneukirchen.at\/?attachment_id=5161\" data-orig-file=\"https:\/\/www.ff-waldneukirchen.at\/wp-content\/uploads\/2019\/07\/P1130137.jpg\" data-orig-size=\"1000,751\" data-comments-opened=\"0\" data-image-meta=\"{&quot;aperture&quot;:&quot;6.3&quot;,&quot;credit&quot;:&quot;Picasa&quot;,&quot;camera&quot;:&quot;DMC-G81&quot;,&quot;caption&quot;:&quot;&quot;,&quot;created_timestamp&quot;:&quot;1563293706&quot;,&quot;copyright&quot;:&quot;&quot;,&quot;focal_length&quot;:&quot;23&quot;,&quot;iso&quot;:&quot;200&quot;,&quot;shutter_speed&quot;:&quot;0.002&quot;,&quot;title&quot;:&quot;&quot;,&quot;orientation&quot;:&quot;0&quot;}\" data-image-title=\"P1130137\" data-image-description=\"\" data-image-caption=\"\" data-large-file=\"https:\/\/www.ff-waldneukirchen.at\/wp-content\/uploads\/2019\/07\/P1130137.jpg\" src=\"https:\/\/www.ff-waldneukirchen.at\/wp-content\/uploads\/2019\/07\/P1130137.jpg\" alt=\"\" data-id=\"5161\" data-link=\"https:\/\/www.ff-waldneukirchen.at\/?attachment_id=5161\" class=\"wp-image-5161 is-layout-flex wp-block-gallery-is-layout-flex\" srcset=\"https:\/\/www.ff-waldneukirchen.at\/wp-content\/uploads\/2019\/07\/P1130137.jpg 1000w, https:\/\/www.ff-waldneukirchen.at\/wp-content\/uploads\/2019\/07\/P1130137-300x225.jpg 300w, https:\/\/www.ff-waldneukirchen.at\/wp-content\/uploads\/2019\/07\/P1130137-768x577.jpg 768w, https:\/\/www.ff-waldneukirchen.at\/wp-content\/uploads\/2019\/07\/P1130137-400x300.jpg 400w, https:\/\/www.ff-waldneukirchen.at\/wp-content\/uploads\/2019\/07\/P1130137-800x601.jpg 800w\" sizes=\"auto, (max-width: 1000px) 100vw, 1000px\" \/><\/figure><\/li><\/ul>\n\n\n\n<p>Der Bewerb lief f\u00fcr die Waldneukirchner Gruppe hervorragend. Die Zeiten von 40,93 Sekunden auf der Hindernisbahn und 64,21 am Staffellauf sicherten unseren Burschen selbst mit zehn Fehlerpunkten noch den vierten Platz. Ein Bus voll Fans aus Waldneukirchen lie\u00df sich das Spektakel nicht entgehen und unterst\u00fctzte lautstark von der Trib\u00fcne aus.<\/p>\n\n\n\n<p>Auch abseits des Bewerbsplatzes wurde den Jugendlichen ein reichhaltiges Programm geboten. Am Plan standen neben der Lagerolympiade ein Ausflug zum Stausee Emosson sowie die Vorstellung der Nationen. Dort gab die \u00f6sterreichische Delegation einen B\u00e4ndertanz mit Live-Musik zum Besten.<\/p>\n\n\n\n<ul class=\"wp-block-gallery columns-1 is-cropped wp-block-gallery-2\"><li class=\"blocks-gallery-item\"><figure><img loading=\"lazy\" decoding=\"async\" width=\"1000\" height=\"751\" data-attachment-id=\"5166\" data-permalink=\"https:\/\/www.ff-waldneukirchen.at\/?attachment_id=5166\" data-orig-file=\"https:\/\/www.ff-waldneukirchen.at\/wp-content\/uploads\/2019\/07\/P1130408.jpg\" data-orig-size=\"1000,751\" data-comments-opened=\"0\" data-image-meta=\"{&quot;aperture&quot;:&quot;5.6&quot;,&quot;credit&quot;:&quot;Picasa&quot;,&quot;camera&quot;:&quot;DMC-G81&quot;,&quot;caption&quot;:&quot;&quot;,&quot;created_timestamp&quot;:&quot;1563463547&quot;,&quot;copyright&quot;:&quot;&quot;,&quot;focal_length&quot;:&quot;28&quot;,&quot;iso&quot;:&quot;200&quot;,&quot;shutter_speed&quot;:&quot;0.002&quot;,&quot;title&quot;:&quot;&quot;,&quot;orientation&quot;:&quot;0&quot;}\" data-image-title=\"P1130408\" data-image-description=\"\" data-image-caption=\"\" data-large-file=\"https:\/\/www.ff-waldneukirchen.at\/wp-content\/uploads\/2019\/07\/P1130408.jpg\" src=\"https:\/\/www.ff-waldneukirchen.at\/wp-content\/uploads\/2019\/07\/P1130408.jpg\" alt=\"\" data-id=\"5166\" data-link=\"https:\/\/www.ff-waldneukirchen.at\/?attachment_id=5166\" class=\"wp-image-5166\" srcset=\"https:\/\/www.ff-waldneukirchen.at\/wp-content\/uploads\/2019\/07\/P1130408.jpg 1000w, https:\/\/www.ff-waldneukirchen.at\/wp-content\/uploads\/2019\/07\/P1130408-300x225.jpg 300w, https:\/\/www.ff-waldneukirchen.at\/wp-content\/uploads\/2019\/07\/P1130408-768x577.jpg 768w, https:\/\/www.ff-waldneukirchen.at\/wp-content\/uploads\/2019\/07\/P1130408-400x300.jpg 400w, https:\/\/www.ff-waldneukirchen.at\/wp-content\/uploads\/2019\/07\/P1130408-800x601.jpg 800w\" sizes=\"auto, (max-width: 1000px) 100vw, 1000px\" \/><\/figure><\/li><li class=\"blocks-gallery-item\"><figure><img loading=\"lazy\" decoding=\"async\" width=\"1000\" height=\"751\" data-attachment-id=\"5167\" data-permalink=\"https:\/\/www.ff-waldneukirchen.at\/?attachment_id=5167\" data-orig-file=\"https:\/\/www.ff-waldneukirchen.at\/wp-content\/uploads\/2019\/07\/P1130420.jpg\" data-orig-size=\"1000,751\" data-comments-opened=\"0\" data-image-meta=\"{&quot;aperture&quot;:&quot;6.3&quot;,&quot;credit&quot;:&quot;Picasa&quot;,&quot;camera&quot;:&quot;DMC-G81&quot;,&quot;caption&quot;:&quot;&quot;,&quot;created_timestamp&quot;:&quot;1563464285&quot;,&quot;copyright&quot;:&quot;&quot;,&quot;focal_length&quot;:&quot;12&quot;,&quot;iso&quot;:&quot;200&quot;,&quot;shutter_speed&quot;:&quot;0.0015625&quot;,&quot;title&quot;:&quot;&quot;,&quot;orientation&quot;:&quot;0&quot;}\" data-image-title=\"P1130420\" data-image-description=\"\" data-image-caption=\"\" data-large-file=\"https:\/\/www.ff-waldneukirchen.at\/wp-content\/uploads\/2019\/07\/P1130420.jpg\" src=\"https:\/\/www.ff-waldneukirchen.at\/wp-content\/uploads\/2019\/07\/P1130420.jpg\" alt=\"\" data-id=\"5167\" data-link=\"https:\/\/www.ff-waldneukirchen.at\/?attachment_id=5167\" class=\"wp-image-5167\" srcset=\"https:\/\/www.ff-waldneukirchen.at\/wp-content\/uploads\/2019\/07\/P1130420.jpg 1000w, https:\/\/www.ff-waldneukirchen.at\/wp-content\/uploads\/2019\/07\/P1130420-300x225.jpg 300w, https:\/\/www.ff-waldneukirchen.at\/wp-content\/uploads\/2019\/07\/P1130420-768x577.jpg 768w, https:\/\/www.ff-waldneukirchen.at\/wp-content\/uploads\/2019\/07\/P1130420-400x300.jpg 400w, https:\/\/www.ff-waldneukirchen.at\/wp-content\/uploads\/2019\/07\/P1130420-800x601.jpg 800w\" sizes=\"auto, (max-width: 1000px) 100vw, 1000px\" \/><\/figure><\/li><li class=\"blocks-gallery-item\"><figure><img loading=\"lazy\" decoding=\"async\" width=\"1000\" height=\"751\" data-attachment-id=\"5168\" data-permalink=\"https:\/\/www.ff-waldneukirchen.at\/?attachment_id=5168\" data-orig-file=\"https:\/\/www.ff-waldneukirchen.at\/wp-content\/uploads\/2019\/07\/P1130447.jpg\" data-orig-size=\"1000,751\" data-comments-opened=\"0\" data-image-meta=\"{&quot;aperture&quot;:&quot;6.3&quot;,&quot;credit&quot;:&quot;Picasa&quot;,&quot;camera&quot;:&quot;DMC-G81&quot;,&quot;caption&quot;:&quot;&quot;,&quot;created_timestamp&quot;:&quot;1563466048&quot;,&quot;copyright&quot;:&quot;&quot;,&quot;focal_length&quot;:&quot;24&quot;,&quot;iso&quot;:&quot;200&quot;,&quot;shutter_speed&quot;:&quot;0.002&quot;,&quot;title&quot;:&quot;&quot;,&quot;orientation&quot;:&quot;0&quot;}\" data-image-title=\"P1130447\" data-image-description=\"\" data-image-caption=\"\" data-large-file=\"https:\/\/www.ff-waldneukirchen.at\/wp-content\/uploads\/2019\/07\/P1130447.jpg\" src=\"https:\/\/www.ff-waldneukirchen.at\/wp-content\/uploads\/2019\/07\/P1130447.jpg\" alt=\"\" data-id=\"5168\" data-link=\"https:\/\/www.ff-waldneukirchen.at\/?attachment_id=5168\" class=\"wp-image-5168\" srcset=\"https:\/\/www.ff-waldneukirchen.at\/wp-content\/uploads\/2019\/07\/P1130447.jpg 1000w, https:\/\/www.ff-waldneukirchen.at\/wp-content\/uploads\/2019\/07\/P1130447-300x225.jpg 300w, https:\/\/www.ff-waldneukirchen.at\/wp-content\/uploads\/2019\/07\/P1130447-768x577.jpg 768w, https:\/\/www.ff-waldneukirchen.at\/wp-content\/uploads\/2019\/07\/P1130447-400x300.jpg 400w, https:\/\/www.ff-waldneukirchen.at\/wp-content\/uploads\/2019\/07\/P1130447-800x601.jpg 800w\" sizes=\"auto, (max-width: 1000px) 100vw, 1000px\" \/><\/figure><\/li><li class=\"blocks-gallery-item\"><figure><img loading=\"lazy\" decoding=\"async\" width=\"1000\" height=\"751\" data-attachment-id=\"5169\" data-permalink=\"https:\/\/www.ff-waldneukirchen.at\/?attachment_id=5169\" data-orig-file=\"https:\/\/www.ff-waldneukirchen.at\/wp-content\/uploads\/2019\/07\/P1130468.jpg\" data-orig-size=\"1000,751\" data-comments-opened=\"0\" data-image-meta=\"{&quot;aperture&quot;:&quot;5&quot;,&quot;credit&quot;:&quot;Picasa&quot;,&quot;camera&quot;:&quot;DMC-G81&quot;,&quot;caption&quot;:&quot;&quot;,&quot;created_timestamp&quot;:&quot;1563466309&quot;,&quot;copyright&quot;:&quot;&quot;,&quot;focal_length&quot;:&quot;35&quot;,&quot;iso&quot;:&quot;200&quot;,&quot;shutter_speed&quot;:&quot;0.002&quot;,&quot;title&quot;:&quot;&quot;,&quot;orientation&quot;:&quot;0&quot;}\" data-image-title=\"P1130468\" data-image-description=\"\" data-image-caption=\"\" data-large-file=\"https:\/\/www.ff-waldneukirchen.at\/wp-content\/uploads\/2019\/07\/P1130468.jpg\" src=\"https:\/\/www.ff-waldneukirchen.at\/wp-content\/uploads\/2019\/07\/P1130468.jpg\" alt=\"\" data-id=\"5169\" data-link=\"https:\/\/www.ff-waldneukirchen.at\/?attachment_id=5169\" class=\"wp-image-5169\" srcset=\"https:\/\/www.ff-waldneukirchen.at\/wp-content\/uploads\/2019\/07\/P1130468.jpg 1000w, https:\/\/www.ff-waldneukirchen.at\/wp-content\/uploads\/2019\/07\/P1130468-300x225.jpg 300w, https:\/\/www.ff-waldneukirchen.at\/wp-content\/uploads\/2019\/07\/P1130468-768x577.jpg 768w, https:\/\/www.ff-waldneukirchen.at\/wp-content\/uploads\/2019\/07\/P1130468-400x300.jpg 400w, https:\/\/www.ff-waldneukirchen.at\/wp-content\/uploads\/2019\/07\/P1130468-800x601.jpg 800w\" sizes=\"auto, (max-width: 1000px) 100vw, 1000px\" \/><\/figure><\/li><li class=\"blocks-gallery-item\"><figure><img loading=\"lazy\" decoding=\"async\" width=\"1000\" height=\"751\" data-attachment-id=\"5170\" data-permalink=\"https:\/\/www.ff-waldneukirchen.at\/?attachment_id=5170\" data-orig-file=\"https:\/\/www.ff-waldneukirchen.at\/wp-content\/uploads\/2019\/07\/P1130499.jpg\" data-orig-size=\"1000,751\" data-comments-opened=\"0\" data-image-meta=\"{&quot;aperture&quot;:&quot;5.6&quot;,&quot;credit&quot;:&quot;Picasa&quot;,&quot;camera&quot;:&quot;DMC-G81&quot;,&quot;caption&quot;:&quot;&quot;,&quot;created_timestamp&quot;:&quot;1563467894&quot;,&quot;copyright&quot;:&quot;&quot;,&quot;focal_length&quot;:&quot;28&quot;,&quot;iso&quot;:&quot;200&quot;,&quot;shutter_speed&quot;:&quot;0.0025&quot;,&quot;title&quot;:&quot;&quot;,&quot;orientation&quot;:&quot;0&quot;}\" data-image-title=\"P1130499\" data-image-description=\"\" data-image-caption=\"\" data-large-file=\"https:\/\/www.ff-waldneukirchen.at\/wp-content\/uploads\/2019\/07\/P1130499.jpg\" src=\"https:\/\/www.ff-waldneukirchen.at\/wp-content\/uploads\/2019\/07\/P1130499.jpg\" alt=\"\" data-id=\"5170\" data-link=\"https:\/\/www.ff-waldneukirchen.at\/?attachment_id=5170\" class=\"wp-image-5170\" srcset=\"https:\/\/www.ff-waldneukirchen.at\/wp-content\/uploads\/2019\/07\/P1130499.jpg 1000w, https:\/\/www.ff-waldneukirchen.at\/wp-content\/uploads\/2019\/07\/P1130499-300x225.jpg 300w, https:\/\/www.ff-waldneukirchen.at\/wp-content\/uploads\/2019\/07\/P1130499-768x577.jpg 768w, https:\/\/www.ff-waldneukirchen.at\/wp-content\/uploads\/2019\/07\/P1130499-400x300.jpg 400w, https:\/\/www.ff-waldneukirchen.at\/wp-content\/uploads\/2019\/07\/P1130499-800x601.jpg 800w\" sizes=\"auto, (max-width: 1000px) 100vw, 1000px\" \/><\/figure><\/li><li class=\"blocks-gallery-item\"><figure><img loading=\"lazy\" decoding=\"async\" width=\"1000\" height=\"751\" data-attachment-id=\"5171\" data-permalink=\"https:\/\/www.ff-waldneukirchen.at\/?attachment_id=5171\" data-orig-file=\"https:\/\/www.ff-waldneukirchen.at\/wp-content\/uploads\/2019\/07\/P1130534.jpg\" data-orig-size=\"1000,751\" data-comments-opened=\"0\" data-image-meta=\"{&quot;aperture&quot;:&quot;5.6&quot;,&quot;credit&quot;:&quot;Picasa&quot;,&quot;camera&quot;:&quot;DMC-G81&quot;,&quot;caption&quot;:&quot;&quot;,&quot;created_timestamp&quot;:&quot;1563470306&quot;,&quot;copyright&quot;:&quot;&quot;,&quot;focal_length&quot;:&quot;24&quot;,&quot;iso&quot;:&quot;200&quot;,&quot;shutter_speed&quot;:&quot;0.002&quot;,&quot;title&quot;:&quot;&quot;,&quot;orientation&quot;:&quot;0&quot;}\" data-image-title=\"P1130534\" data-image-description=\"\" data-image-caption=\"\" data-large-file=\"https:\/\/www.ff-waldneukirchen.at\/wp-content\/uploads\/2019\/07\/P1130534.jpg\" src=\"https:\/\/www.ff-waldneukirchen.at\/wp-content\/uploads\/2019\/07\/P1130534.jpg\" alt=\"\" data-id=\"5171\" data-link=\"https:\/\/www.ff-waldneukirchen.at\/?attachment_id=5171\" class=\"wp-image-5171\" srcset=\"https:\/\/www.ff-waldneukirchen.at\/wp-content\/uploads\/2019\/07\/P1130534.jpg 1000w, https:\/\/www.ff-waldneukirchen.at\/wp-content\/uploads\/2019\/07\/P1130534-300x225.jpg 300w, https:\/\/www.ff-waldneukirchen.at\/wp-content\/uploads\/2019\/07\/P1130534-768x577.jpg 768w, https:\/\/www.ff-waldneukirchen.at\/wp-content\/uploads\/2019\/07\/P1130534-400x300.jpg 400w, https:\/\/www.ff-waldneukirchen.at\/wp-content\/uploads\/2019\/07\/P1130534-800x601.jpg 800w\" sizes=\"auto, (max-width: 1000px) 100vw, 1000px\" \/><\/figure><\/li><li class=\"blocks-gallery-item\"><figure><img loading=\"lazy\" decoding=\"async\" width=\"1000\" height=\"751\" data-attachment-id=\"5172\" data-permalink=\"https:\/\/www.ff-waldneukirchen.at\/?attachment_id=5172\" data-orig-file=\"https:\/\/www.ff-waldneukirchen.at\/wp-content\/uploads\/2019\/07\/P1130554.jpg\" data-orig-size=\"1000,751\" data-comments-opened=\"0\" data-image-meta=\"{&quot;aperture&quot;:&quot;5&quot;,&quot;credit&quot;:&quot;Picasa&quot;,&quot;camera&quot;:&quot;DMC-G81&quot;,&quot;caption&quot;:&quot;&quot;,&quot;created_timestamp&quot;:&quot;1563471318&quot;,&quot;copyright&quot;:&quot;&quot;,&quot;focal_length&quot;:&quot;26&quot;,&quot;iso&quot;:&quot;200&quot;,&quot;shutter_speed&quot;:&quot;0.0025&quot;,&quot;title&quot;:&quot;&quot;,&quot;orientation&quot;:&quot;0&quot;}\" data-image-title=\"P1130554\" data-image-description=\"\" data-image-caption=\"\" data-large-file=\"https:\/\/www.ff-waldneukirchen.at\/wp-content\/uploads\/2019\/07\/P1130554.jpg\" src=\"https:\/\/www.ff-waldneukirchen.at\/wp-content\/uploads\/2019\/07\/P1130554.jpg\" alt=\"\" data-id=\"5172\" data-link=\"https:\/\/www.ff-waldneukirchen.at\/?attachment_id=5172\" class=\"wp-image-5172\" srcset=\"https:\/\/www.ff-waldneukirchen.at\/wp-content\/uploads\/2019\/07\/P1130554.jpg 1000w, https:\/\/www.ff-waldneukirchen.at\/wp-content\/uploads\/2019\/07\/P1130554-300x225.jpg 300w, https:\/\/www.ff-waldneukirchen.at\/wp-content\/uploads\/2019\/07\/P1130554-768x577.jpg 768w, https:\/\/www.ff-waldneukirchen.at\/wp-content\/uploads\/2019\/07\/P1130554-400x300.jpg 400w, https:\/\/www.ff-waldneukirchen.at\/wp-content\/uploads\/2019\/07\/P1130554-800x601.jpg 800w\" sizes=\"auto, (max-width: 1000px) 100vw, 1000px\" \/><\/figure><\/li><li class=\"blocks-gallery-item\"><figure><img loading=\"lazy\" decoding=\"async\" width=\"1000\" height=\"750\" data-attachment-id=\"5173\" data-permalink=\"https:\/\/www.ff-waldneukirchen.at\/?attachment_id=5173\" data-orig-file=\"https:\/\/www.ff-waldneukirchen.at\/wp-content\/uploads\/2019\/07\/P1130630.jpg\" data-orig-size=\"1000,750\" data-comments-opened=\"0\" data-image-meta=\"{&quot;aperture&quot;:&quot;3.2&quot;,&quot;credit&quot;:&quot;Picasa&quot;,&quot;camera&quot;:&quot;DMC-G81&quot;,&quot;caption&quot;:&quot;&quot;,&quot;created_timestamp&quot;:&quot;1563474206&quot;,&quot;copyright&quot;:&quot;&quot;,&quot;focal_length&quot;:&quot;12&quot;,&quot;iso&quot;:&quot;200&quot;,&quot;shutter_speed&quot;:&quot;0.001&quot;,&quot;title&quot;:&quot;&quot;,&quot;orientation&quot;:&quot;0&quot;}\" data-image-title=\"P1130630\" data-image-description=\"\" data-image-caption=\"\" data-large-file=\"https:\/\/www.ff-waldneukirchen.at\/wp-content\/uploads\/2019\/07\/P1130630.jpg\" src=\"https:\/\/www.ff-waldneukirchen.at\/wp-content\/uploads\/2019\/07\/P1130630.jpg\" alt=\"\" data-id=\"5173\" data-link=\"https:\/\/www.ff-waldneukirchen.at\/?attachment_id=5173\" class=\"wp-image-5173\" srcset=\"https:\/\/www.ff-waldneukirchen.at\/wp-content\/uploads\/2019\/07\/P1130630.jpg 1000w, https:\/\/www.ff-waldneukirchen.at\/wp-content\/uploads\/2019\/07\/P1130630-300x225.jpg 300w, https:\/\/www.ff-waldneukirchen.at\/wp-content\/uploads\/2019\/07\/P1130630-768x576.jpg 768w, https:\/\/www.ff-waldneukirchen.at\/wp-content\/uploads\/2019\/07\/P1130630-400x300.jpg 400w, https:\/\/www.ff-waldneukirchen.at\/wp-content\/uploads\/2019\/07\/P1130630-800x600.jpg 800w\" sizes=\"auto, (max-width: 1000px) 100vw, 1000px\" \/><\/figure><\/li><li class=\"blocks-gallery-item\"><figure><img loading=\"lazy\" decoding=\"async\" width=\"1000\" height=\"750\" data-attachment-id=\"5174\" data-permalink=\"https:\/\/www.ff-waldneukirchen.at\/?attachment_id=5174\" data-orig-file=\"https:\/\/www.ff-waldneukirchen.at\/wp-content\/uploads\/2019\/07\/P1130722.jpg\" data-orig-size=\"1000,750\" data-comments-opened=\"0\" data-image-meta=\"{&quot;aperture&quot;:&quot;3.5&quot;,&quot;credit&quot;:&quot;Picasa&quot;,&quot;camera&quot;:&quot;DMC-G81&quot;,&quot;caption&quot;:&quot;&quot;,&quot;created_timestamp&quot;:&quot;1563474425&quot;,&quot;copyright&quot;:&quot;&quot;,&quot;focal_length&quot;:&quot;12&quot;,&quot;iso&quot;:&quot;200&quot;,&quot;shutter_speed&quot;:&quot;0.00076923076923077&quot;,&quot;title&quot;:&quot;&quot;,&quot;orientation&quot;:&quot;0&quot;}\" data-image-title=\"P1130722\" data-image-description=\"\" data-image-caption=\"\" data-large-file=\"https:\/\/www.ff-waldneukirchen.at\/wp-content\/uploads\/2019\/07\/P1130722.jpg\" src=\"https:\/\/www.ff-waldneukirchen.at\/wp-content\/uploads\/2019\/07\/P1130722.jpg\" alt=\"\" data-id=\"5174\" data-link=\"https:\/\/www.ff-waldneukirchen.at\/?attachment_id=5174\" class=\"wp-image-5174\" srcset=\"https:\/\/www.ff-waldneukirchen.at\/wp-content\/uploads\/2019\/07\/P1130722.jpg 1000w, https:\/\/www.ff-waldneukirchen.at\/wp-content\/uploads\/2019\/07\/P1130722-300x225.jpg 300w, https:\/\/www.ff-waldneukirchen.at\/wp-content\/uploads\/2019\/07\/P1130722-768x576.jpg 768w, https:\/\/www.ff-waldneukirchen.at\/wp-content\/uploads\/2019\/07\/P1130722-400x300.jpg 400w, https:\/\/www.ff-waldneukirchen.at\/wp-content\/uploads\/2019\/07\/P1130722-800x600.jpg 800w\" sizes=\"auto, (max-width: 1000px) 100vw, 1000px\" \/><\/figure><\/li><li class=\"blocks-gallery-item\"><figure><img loading=\"lazy\" decoding=\"async\" width=\"1000\" height=\"751\" data-attachment-id=\"5175\" data-permalink=\"https:\/\/www.ff-waldneukirchen.at\/?attachment_id=5175\" data-orig-file=\"https:\/\/www.ff-waldneukirchen.at\/wp-content\/uploads\/2019\/07\/P1130741.jpg\" data-orig-size=\"1000,751\" data-comments-opened=\"0\" data-image-meta=\"{&quot;aperture&quot;:&quot;8&quot;,&quot;credit&quot;:&quot;Picasa&quot;,&quot;camera&quot;:&quot;DMC-G81&quot;,&quot;caption&quot;:&quot;&quot;,&quot;created_timestamp&quot;:&quot;1563529878&quot;,&quot;copyright&quot;:&quot;&quot;,&quot;focal_length&quot;:&quot;12&quot;,&quot;iso&quot;:&quot;200&quot;,&quot;shutter_speed&quot;:&quot;0.00125&quot;,&quot;title&quot;:&quot;&quot;,&quot;orientation&quot;:&quot;0&quot;}\" data-image-title=\"P1130741\" data-image-description=\"\" data-image-caption=\"\" data-large-file=\"https:\/\/www.ff-waldneukirchen.at\/wp-content\/uploads\/2019\/07\/P1130741.jpg\" src=\"https:\/\/www.ff-waldneukirchen.at\/wp-content\/uploads\/2019\/07\/P1130741.jpg\" alt=\"\" data-id=\"5175\" data-link=\"https:\/\/www.ff-waldneukirchen.at\/?attachment_id=5175\" class=\"wp-image-5175\" srcset=\"https:\/\/www.ff-waldneukirchen.at\/wp-content\/uploads\/2019\/07\/P1130741.jpg 1000w, https:\/\/www.ff-waldneukirchen.at\/wp-content\/uploads\/2019\/07\/P1130741-300x225.jpg 300w, https:\/\/www.ff-waldneukirchen.at\/wp-content\/uploads\/2019\/07\/P1130741-768x577.jpg 768w, https:\/\/www.ff-waldneukirchen.at\/wp-content\/uploads\/2019\/07\/P1130741-400x300.jpg 400w, https:\/\/www.ff-waldneukirchen.at\/wp-content\/uploads\/2019\/07\/P1130741-800x601.jpg 800w\" sizes=\"auto, (max-width: 1000px) 100vw, 1000px\" \/><\/figure><\/li><li class=\"blocks-gallery-item\"><figure><img loading=\"lazy\" decoding=\"async\" width=\"1000\" height=\"751\" data-attachment-id=\"5176\" data-permalink=\"https:\/\/www.ff-waldneukirchen.at\/?attachment_id=5176\" data-orig-file=\"https:\/\/www.ff-waldneukirchen.at\/wp-content\/uploads\/2019\/07\/P1130779.jpg\" data-orig-size=\"1000,751\" data-comments-opened=\"0\" data-image-meta=\"{&quot;aperture&quot;:&quot;6.3&quot;,&quot;credit&quot;:&quot;Picasa&quot;,&quot;camera&quot;:&quot;DMC-G81&quot;,&quot;caption&quot;:&quot;&quot;,&quot;created_timestamp&quot;:&quot;1563533208&quot;,&quot;copyright&quot;:&quot;&quot;,&quot;focal_length&quot;:&quot;22&quot;,&quot;iso&quot;:&quot;200&quot;,&quot;shutter_speed&quot;:&quot;0.002&quot;,&quot;title&quot;:&quot;&quot;,&quot;orientation&quot;:&quot;0&quot;}\" data-image-title=\"P1130779\" data-image-description=\"\" data-image-caption=\"\" data-large-file=\"https:\/\/www.ff-waldneukirchen.at\/wp-content\/uploads\/2019\/07\/P1130779.jpg\" src=\"https:\/\/www.ff-waldneukirchen.at\/wp-content\/uploads\/2019\/07\/P1130779.jpg\" alt=\"\" data-id=\"5176\" data-link=\"https:\/\/www.ff-waldneukirchen.at\/?attachment_id=5176\" class=\"wp-image-5176\" srcset=\"https:\/\/www.ff-waldneukirchen.at\/wp-content\/uploads\/2019\/07\/P1130779.jpg 1000w, https:\/\/www.ff-waldneukirchen.at\/wp-content\/uploads\/2019\/07\/P1130779-300x225.jpg 300w, https:\/\/www.ff-waldneukirchen.at\/wp-content\/uploads\/2019\/07\/P1130779-768x577.jpg 768w, https:\/\/www.ff-waldneukirchen.at\/wp-content\/uploads\/2019\/07\/P1130779-400x300.jpg 400w, https:\/\/www.ff-waldneukirchen.at\/wp-content\/uploads\/2019\/07\/P1130779-800x601.jpg 800w\" sizes=\"auto, (max-width: 1000px) 100vw, 1000px\" \/><\/figure><\/li><li class=\"blocks-gallery-item\"><figure><img loading=\"lazy\" decoding=\"async\" width=\"1000\" height=\"751\" data-attachment-id=\"5177\" data-permalink=\"https:\/\/www.ff-waldneukirchen.at\/?attachment_id=5177\" data-orig-file=\"https:\/\/www.ff-waldneukirchen.at\/wp-content\/uploads\/2019\/07\/P1130797.jpg\" data-orig-size=\"1000,751\" data-comments-opened=\"0\" data-image-meta=\"{&quot;aperture&quot;:&quot;5.3&quot;,&quot;credit&quot;:&quot;Picasa&quot;,&quot;camera&quot;:&quot;DMC-G81&quot;,&quot;caption&quot;:&quot;&quot;,&quot;created_timestamp&quot;:&quot;1563558177&quot;,&quot;copyright&quot;:&quot;&quot;,&quot;focal_length&quot;:&quot;166&quot;,&quot;iso&quot;:&quot;200&quot;,&quot;shutter_speed&quot;:&quot;0.0025&quot;,&quot;title&quot;:&quot;&quot;,&quot;orientation&quot;:&quot;0&quot;}\" data-image-title=\"P1130797\" data-image-description=\"\" data-image-caption=\"\" data-large-file=\"https:\/\/www.ff-waldneukirchen.at\/wp-content\/uploads\/2019\/07\/P1130797.jpg\" src=\"https:\/\/www.ff-waldneukirchen.at\/wp-content\/uploads\/2019\/07\/P1130797.jpg\" alt=\"\" data-id=\"5177\" data-link=\"https:\/\/www.ff-waldneukirchen.at\/?attachment_id=5177\" class=\"wp-image-5177\" srcset=\"https:\/\/www.ff-waldneukirchen.at\/wp-content\/uploads\/2019\/07\/P1130797.jpg 1000w, https:\/\/www.ff-waldneukirchen.at\/wp-content\/uploads\/2019\/07\/P1130797-300x225.jpg 300w, https:\/\/www.ff-waldneukirchen.at\/wp-content\/uploads\/2019\/07\/P1130797-768x577.jpg 768w, https:\/\/www.ff-waldneukirchen.at\/wp-content\/uploads\/2019\/07\/P1130797-400x300.jpg 400w, https:\/\/www.ff-waldneukirchen.at\/wp-content\/uploads\/2019\/07\/P1130797-800x601.jpg 800w\" sizes=\"auto, (max-width: 1000px) 100vw, 1000px\" \/><\/figure><\/li><li class=\"blocks-gallery-item\"><figure><img loading=\"lazy\" decoding=\"async\" width=\"1000\" height=\"751\" data-attachment-id=\"5178\" data-permalink=\"https:\/\/www.ff-waldneukirchen.at\/?attachment_id=5178\" data-orig-file=\"https:\/\/www.ff-waldneukirchen.at\/wp-content\/uploads\/2019\/07\/P1130804.jpg\" data-orig-size=\"1000,751\" data-comments-opened=\"0\" data-image-meta=\"{&quot;aperture&quot;:&quot;5.6&quot;,&quot;credit&quot;:&quot;Picasa&quot;,&quot;camera&quot;:&quot;DMC-G81&quot;,&quot;caption&quot;:&quot;&quot;,&quot;created_timestamp&quot;:&quot;1563559099&quot;,&quot;copyright&quot;:&quot;&quot;,&quot;focal_length&quot;:&quot;120&quot;,&quot;iso&quot;:&quot;200&quot;,&quot;shutter_speed&quot;:&quot;0.002&quot;,&quot;title&quot;:&quot;&quot;,&quot;orientation&quot;:&quot;0&quot;}\" data-image-title=\"P1130804\" data-image-description=\"\" data-image-caption=\"\" data-large-file=\"https:\/\/www.ff-waldneukirchen.at\/wp-content\/uploads\/2019\/07\/P1130804.jpg\" src=\"https:\/\/www.ff-waldneukirchen.at\/wp-content\/uploads\/2019\/07\/P1130804.jpg\" alt=\"\" data-id=\"5178\" data-link=\"https:\/\/www.ff-waldneukirchen.at\/?attachment_id=5178\" class=\"wp-image-5178\" srcset=\"https:\/\/www.ff-waldneukirchen.at\/wp-content\/uploads\/2019\/07\/P1130804.jpg 1000w, https:\/\/www.ff-waldneukirchen.at\/wp-content\/uploads\/2019\/07\/P1130804-300x225.jpg 300w, https:\/\/www.ff-waldneukirchen.at\/wp-content\/uploads\/2019\/07\/P1130804-768x577.jpg 768w, https:\/\/www.ff-waldneukirchen.at\/wp-content\/uploads\/2019\/07\/P1130804-400x300.jpg 400w, https:\/\/www.ff-waldneukirchen.at\/wp-content\/uploads\/2019\/07\/P1130804-800x601.jpg 800w\" sizes=\"auto, (max-width: 1000px) 100vw, 1000px\" \/><\/figure><\/li><li class=\"blocks-gallery-item\"><figure><img loading=\"lazy\" decoding=\"async\" width=\"1000\" height=\"751\" data-attachment-id=\"5179\" data-permalink=\"https:\/\/www.ff-waldneukirchen.at\/?attachment_id=5179\" data-orig-file=\"https:\/\/www.ff-waldneukirchen.at\/wp-content\/uploads\/2019\/07\/P1140032.jpg\" data-orig-size=\"1000,751\" data-comments-opened=\"0\" data-image-meta=\"{&quot;aperture&quot;:&quot;5.6&quot;,&quot;credit&quot;:&quot;Picasa&quot;,&quot;camera&quot;:&quot;DMC-G81&quot;,&quot;caption&quot;:&quot;&quot;,&quot;created_timestamp&quot;:&quot;1563645383&quot;,&quot;copyright&quot;:&quot;&quot;,&quot;focal_length&quot;:&quot;32&quot;,&quot;iso&quot;:&quot;200&quot;,&quot;shutter_speed&quot;:&quot;0.002&quot;,&quot;title&quot;:&quot;&quot;,&quot;orientation&quot;:&quot;0&quot;}\" data-image-title=\"P1140032\" data-image-description=\"\" data-image-caption=\"\" data-large-file=\"https:\/\/www.ff-waldneukirchen.at\/wp-content\/uploads\/2019\/07\/P1140032.jpg\" src=\"https:\/\/www.ff-waldneukirchen.at\/wp-content\/uploads\/2019\/07\/P1140032.jpg\" alt=\"\" data-id=\"5179\" data-link=\"https:\/\/www.ff-waldneukirchen.at\/?attachment_id=5179\" class=\"wp-image-5179 is-layout-flex wp-block-gallery-is-layout-flex\" srcset=\"https:\/\/www.ff-waldneukirchen.at\/wp-content\/uploads\/2019\/07\/P1140032.jpg 1000w, https:\/\/www.ff-waldneukirchen.at\/wp-content\/uploads\/2019\/07\/P1140032-300x225.jpg 300w, https:\/\/www.ff-waldneukirchen.at\/wp-content\/uploads\/2019\/07\/P1140032-768x577.jpg 768w, https:\/\/www.ff-waldneukirchen.at\/wp-content\/uploads\/2019\/07\/P1140032-400x300.jpg 400w, https:\/\/www.ff-waldneukirchen.at\/wp-content\/uploads\/2019\/07\/P1140032-800x601.jpg 800w\" sizes=\"auto, (max-width: 1000px) 100vw, 1000px\" \/><\/figure><\/li><\/ul>\n\n\n\n<p>Zu Hause angekommen bekamen die Burschen einen Tag Auszeit bevor sie von der \u00d6ffentlichkeit in Waldneukirchen willkommengehei\u00dfen wurden. Landesfeuerwehrkommandant Robert Mayer \u00fcberreichte in diesem Rahmen die Teilnahmeurkunden.<\/p>\n\n\n\n<p>Weitere Berichte und Fotos auf <a rel=\"noreferrer noopener\" aria-label=\"ooelfv.at (\u00f6ffnet in neuem Tab)\" href=\"https:\/\/www.ooelfv.at\/\" target=\"_blank\">ooelfv.at<\/a><\/p>\n\n\n\n<ul class=\"wp-block-gallery columns-1 is-cropped wp-block-gallery-3\"><li class=\"blocks-gallery-item\"><figure><img loading=\"lazy\" decoding=\"async\" width=\"1000\" height=\"751\" data-attachment-id=\"5180\" data-permalink=\"https:\/\/www.ff-waldneukirchen.at\/?attachment_id=5180\" data-orig-file=\"https:\/\/www.ff-waldneukirchen.at\/wp-content\/uploads\/2019\/07\/P1140045.jpg\" data-orig-size=\"1000,751\" data-comments-opened=\"0\" data-image-meta=\"{&quot;aperture&quot;:&quot;5.6&quot;,&quot;credit&quot;:&quot;Picasa&quot;,&quot;camera&quot;:&quot;DMC-G81&quot;,&quot;caption&quot;:&quot;&quot;,&quot;created_timestamp&quot;:&quot;1563823045&quot;,&quot;copyright&quot;:&quot;&quot;,&quot;focal_length&quot;:&quot;12&quot;,&quot;iso&quot;:&quot;200&quot;,&quot;shutter_speed&quot;:&quot;0.002&quot;,&quot;title&quot;:&quot;&quot;,&quot;orientation&quot;:&quot;0&quot;}\" data-image-title=\"P1140045\" data-image-description=\"\" data-image-caption=\"\" data-large-file=\"https:\/\/www.ff-waldneukirchen.at\/wp-content\/uploads\/2019\/07\/P1140045.jpg\" src=\"https:\/\/www.ff-waldneukirchen.at\/wp-content\/uploads\/2019\/07\/P1140045.jpg\" alt=\"\" data-id=\"5180\" data-link=\"https:\/\/www.ff-waldneukirchen.at\/?attachment_id=5180\" class=\"wp-image-5180\" srcset=\"https:\/\/www.ff-waldneukirchen.at\/wp-content\/uploads\/2019\/07\/P1140045.jpg 1000w, https:\/\/www.ff-waldneukirchen.at\/wp-content\/uploads\/2019\/07\/P1140045-300x225.jpg 300w, https:\/\/www.ff-waldneukirchen.at\/wp-content\/uploads\/2019\/07\/P1140045-768x577.jpg 768w, https:\/\/www.ff-waldneukirchen.at\/wp-content\/uploads\/2019\/07\/P1140045-400x300.jpg 400w, https:\/\/www.ff-waldneukirchen.at\/wp-content\/uploads\/2019\/07\/P1140045-800x601.jpg 800w\" sizes=\"auto, (max-width: 1000px) 100vw, 1000px\" \/><\/figure><\/li><li class=\"blocks-gallery-item\"><figure><img loading=\"lazy\" decoding=\"async\" width=\"1000\" height=\"751\" data-attachment-id=\"5181\" data-permalink=\"https:\/\/www.ff-waldneukirchen.at\/?attachment_id=5181\" data-orig-file=\"https:\/\/www.ff-waldneukirchen.at\/wp-content\/uploads\/2019\/07\/P1140092.jpg\" data-orig-size=\"1000,751\" data-comments-opened=\"0\" data-image-meta=\"{&quot;aperture&quot;:&quot;2.8&quot;,&quot;credit&quot;:&quot;Picasa&quot;,&quot;camera&quot;:&quot;DMC-G81&quot;,&quot;caption&quot;:&quot;&quot;,&quot;created_timestamp&quot;:&quot;1563824387&quot;,&quot;copyright&quot;:&quot;&quot;,&quot;focal_length&quot;:&quot;35&quot;,&quot;iso&quot;:&quot;640&quot;,&quot;shutter_speed&quot;:&quot;0.0125&quot;,&quot;title&quot;:&quot;&quot;,&quot;orientation&quot;:&quot;0&quot;}\" data-image-title=\"P1140092\" data-image-description=\"\" data-image-caption=\"\" data-large-file=\"https:\/\/www.ff-waldneukirchen.at\/wp-content\/uploads\/2019\/07\/P1140092.jpg\" src=\"https:\/\/www.ff-waldneukirchen.at\/wp-content\/uploads\/2019\/07\/P1140092.jpg\" alt=\"\" data-id=\"5181\" data-link=\"https:\/\/www.ff-waldneukirchen.at\/?attachment_id=5181\" class=\"wp-image-5181 is-layout-flex wp-block-gallery-is-layout-flex\" srcset=\"https:\/\/www.ff-waldneukirchen.at\/wp-content\/uploads\/2019\/07\/P1140092.jpg 1000w, https:\/\/www.ff-waldneukirchen.at\/wp-content\/uploads\/2019\/07\/P1140092-300x225.jpg 300w, https:\/\/www.ff-waldneukirchen.at\/wp-content\/uploads\/2019\/07\/P1140092-768x577.jpg 768w, https:\/\/www.ff-waldneukirchen.at\/wp-content\/uploads\/2019\/07\/P1140092-400x300.jpg 400w, https:\/\/www.ff-waldneukirchen.at\/wp-content\/uploads\/2019\/07\/P1140092-800x601.jpg 800w\" sizes=\"auto, (max-width: 1000px) 100vw, 1000px\" \/><\/figure><\/li><\/ul>\n\n\n\n<figure class=\"wp-block-embed-youtube wp-block-embed is-type-video is-provider-youtube wp-embed-aspect-16-9 wp-has-aspect-ratio\"><div class=\"wp-block-embed__wrapper\">\n<iframe loading=\"lazy\" title=\"Jugend-WM in \ud83c\udde8\ud83c\uddedMartigny \ud83c\udde6\ud83c\uddf9FF Waldneukirchen\" width=\"560\" height=\"315\" src=\"https:\/\/www.youtube.com\/embed\/BGH7ABtsQSg?feature=oembed\" frameborder=\"0\" allow=\"accelerometer; autoplay; clipboard-write; encrypted-media; gyroscope; picture-in-picture; web-share\" referrerpolicy=\"strict-origin-when-cross-origin\" allowfullscreen><\/iframe>\n<\/div><figcaption><a href=\"https:\/\/youtu.be\/BGH7ABtsQSg\" target=\"_blank\" rel=\"noreferrer noopener\" aria-label=\"Auf Youtube ansehen (\u00f6ffnet in neuem Tab)\">Auf Youtube ansehen<\/a><\/figcaption><\/figure>\n","protected":false},"excerpt":{"rendered":"<p>Unsere Jugendgruppe darf sich \u00fcber den hervorragenden vierten Platz bei der Feuerwehrjugend-Weltmeisterschaft freuen. Sie musste sich nur drei der 56 Gruppen aus 23 Nationen geschlagen geben. Dreizehn Burschen fuhren gemeinsam mit ihren Betreuern eine Woche in die Schweiz nach Martigny und bereiteten sich auf den Wettkampf am Donnerstag vor. Drei von ihnen konnten aufgrund einer [&hellip;]<\/p>\n","protected":false},"author":2,"featured_media":5182,"comment_status":"closed","ping_status":"open","sticky":false,"template":"","format":"standard","meta":{"advgb_blocks_editor_width":"","advgb_blocks_columns_visual_guide":"","advanced_seo_description":"","jetpack_seo_html_title":"","jetpack_seo_noindex":false,"_jetpack_memberships_contains_paid_content":false,"footnotes":"","jetpack_publicize_message":"","jetpack_publicize_feature_enabled":true,"jetpack_social_post_already_shared":false,"jetpack_social_options":{"image_generator_settings":{"template":"highway","default_image_id":0,"font":"","enabled":false},"version":2}},"categories":[2,10,26],"tags":[],"class_list":["post-5155","post","type-post","status-publish","format-standard","has-post-thumbnail","hentry","category-aktuell","category-bewerbe","category-jugend","has-thumbnail"],"author_meta":{"display_name":"Florian Diwald","author_link":"https:\/\/www.ff-waldneukirchen.at\/?author=2"},"featured_img":"https:\/\/www.ff-waldneukirchen.at\/wp-content\/uploads\/2019\/07\/IMG_4290-300x200.jpg","jetpack_publicize_connections":[],"jetpack_featured_media_url":"https:\/\/www.ff-waldneukirchen.at\/wp-content\/uploads\/2019\/07\/IMG_4290.jpg","coauthors":[],"tax_additional":{"categories":{"linked":["<a href=\"https:\/\/www.ff-waldneukirchen.at\/?cat=2\" class=\"advgb-post-tax-term\">Aktuell<\/a>","<a href=\"https:\/\/www.ff-waldneukirchen.at\/?cat=10\" class=\"advgb-post-tax-term\">Bewerbe<\/a>","<a href=\"https:\/\/www.ff-waldneukirchen.at\/?cat=26\" class=\"advgb-post-tax-term\">Jugend<\/a>"],"unlinked":["<span class=\"advgb-post-tax-term\">Aktuell<\/span>","<span class=\"advgb-post-tax-term\">Bewerbe<\/span>","<span class=\"advgb-post-tax-term\">Jugend<\/span>"]}},"comment_count":"0","relative_dates":{"created":"Ver\u00f6ffentlicht 7\u00a0Jahren vor","modified":"Aktualisiert 7\u00a0Jahren vor"},"absolute_dates":{"created":"Ver\u00f6ffentlicht am 22\/07\/2019","modified":"Aktualisiert am 02\/11\/2019"},"absolute_dates_time":{"created":"Ver\u00f6ffentlicht am 22\/07\/2019 21:26","modified":"Aktualisiert am 02\/11\/2019 12:07"},"featured_img_caption":"","series_order":"","jetpack_sharing_enabled":true,"_links":{"self":[{"href":"https:\/\/www.ff-waldneukirchen.at\/index.php?rest_route=\/wp\/v2\/posts\/5155","targetHints":{"allow":["GET"]}}],"collection":[{"href":"https:\/\/www.ff-waldneukirchen.at\/index.php?rest_route=\/wp\/v2\/posts"}],"about":[{"href":"https:\/\/www.ff-waldneukirchen.at\/index.php?rest_route=\/wp\/v2\/types\/post"}],"author":[{"embeddable":true,"href":"https:\/\/www.ff-waldneukirchen.at\/index.php?rest_route=\/wp\/v2\/users\/2"}],"replies":[{"embeddable":true,"href":"https:\/\/www.ff-waldneukirchen.at\/index.php?rest_route=%2Fwp%2Fv2%2Fcomments&post=5155"}],"version-history":[{"count":0,"href":"https:\/\/www.ff-waldneukirchen.at\/index.php?rest_route=\/wp\/v2\/posts\/5155\/revisions"}],"wp:featuredmedia":[{"embeddable":true,"href":"https:\/\/www.ff-waldneukirchen.at\/index.php?rest_route=\/wp\/v2\/media\/5182"}],"wp:attachment":[{"href":"https:\/\/www.ff-waldneukirchen.at\/index.php?rest_route=%2Fwp%2Fv2%2Fmedia&parent=5155"}],"wp:term":[{"taxonomy":"category","embeddable":true,"href":"https:\/\/www.ff-waldneukirchen.at\/index.php?rest_route=%2Fwp%2Fv2%2Fcategories&post=5155"},{"taxonomy":"post_tag","embeddable":true,"href":"https:\/\/www.ff-waldneukirchen.at\/index.php?rest_route=%2Fwp%2Fv2%2Ftags&post=5155"}],"curies":[{"name":"wp","href":"https:\/\/api.w.org\/{rel}","templated":true}]}}