{"id":5657,"date":"2020-09-23T13:04:13","date_gmt":"2020-09-23T12:04:13","guid":{"rendered":"https:\/\/www.ff-waldneukirchen.at\/?p=5657"},"modified":"2020-09-23T19:11:26","modified_gmt":"2020-09-23T18:11:26","slug":"pflichtbereichsuebung-in-waldneukirchen","status":"publish","type":"post","link":"https:\/\/www.ff-waldneukirchen.at\/?p=5657","title":{"rendered":"Pflichtbereichs\u00fcbung in Waldneukirchen"},"content":{"rendered":"<div>\n<div class=\"WordSection1\"><span style=\"font-size: 9.0pt;\">Dieses Jahr fand die allj\u00e4hrliche Pflichtbereichs\u00fcbung der 3 Feuerwehren von Waldneukirchen direkt im Ortzentrum statt. Als Zielobjekt wurde die Pfarrkirche, bei welcher gerade die Au\u00dfenfassade erneuert wird ausgesucht.<\/span><\/div>\n<div class=\"WordSection1\">\n<p>\u00a0<\/p>\n<p class=\"MsoNormal\"><span style=\"font-size: 9.0pt;\">Annahme war das bei Instandhaltungsarbeiten ein Feuer im unteren Bereich des Glockenturm ausbrach. Eine Vermisste und zwei verletzte Personen wurden von der Feuerwehr mit Unterst\u00fctzung der FF Bad Hall mit der Drehleiter und dem Roten Kreuz Bad Hall gerettet. <\/span><\/p>\n<p class=\"MsoNormal\"><span style=\"font-size: 9.0pt;\">Weiteres wurden zwei Relaisleitungen gelegt um die Brandbek\u00e4mpfung und die Ausbreitung zu verhindern.<\/span><span style=\"font-size: 9.0pt;\"><br \/><span style=\"background: white;\">Diese \u00dcbungen sollen immer wieder die tadellose Zusammenarbeit der drei Feuerwehren von Waldneukirchen unter Beweis stellen.<\/span><\/span><\/p>\n<p class=\"MsoNormal\"><span style=\"font-size: 9.0pt;\">Ein gro\u00dfer Dank gilt der Rettung Bad Hall, der Feuerwehr Bad Hall das sie uns bei dieser \u00dcbung unterst\u00fctzten.<\/span><\/p>\n<\/div>\n<\/div>\n\n\n<figure class=\"wp-block-gallery columns-3 is-cropped wp-block-gallery-1\"><ul class=\"blocks-gallery-grid\"><li class=\"blocks-gallery-item\"><figure><img loading=\"lazy\" decoding=\"async\" width=\"1024\" height=\"683\" data-attachment-id=\"5663\" data-permalink=\"https:\/\/www.ff-waldneukirchen.at\/?attachment_id=5663\" data-orig-file=\"https:\/\/www.ff-waldneukirchen.at\/wp-content\/uploads\/2020\/09\/IMG_1420-min-scaled.jpg\" data-orig-size=\"2560,1707\" data-comments-opened=\"0\" data-image-meta=\"{&quot;aperture&quot;:&quot;0&quot;,&quot;credit&quot;:&quot;&quot;,&quot;camera&quot;:&quot;&quot;,&quot;caption&quot;:&quot;&quot;,&quot;created_timestamp&quot;:&quot;0&quot;,&quot;copyright&quot;:&quot;&quot;,&quot;focal_length&quot;:&quot;0&quot;,&quot;iso&quot;:&quot;0&quot;,&quot;shutter_speed&quot;:&quot;0&quot;,&quot;title&quot;:&quot;&quot;,&quot;orientation&quot;:&quot;0&quot;}\" data-image-title=\"IMG_1420-min.JPG\" data-image-description=\"\" data-image-caption=\"\" data-large-file=\"https:\/\/www.ff-waldneukirchen.at\/wp-content\/uploads\/2020\/09\/IMG_1420-min-1024x683.jpg\" src=\"https:\/\/www.ff-waldneukirchen.at\/wp-content\/uploads\/2020\/09\/IMG_1420-min-1024x683.jpg\" alt=\"\" data-id=\"5663\" data-full-url=\"https:\/\/www.ff-waldneukirchen.at\/wp-content\/uploads\/2020\/09\/IMG_1420-min-scaled.jpg\" data-link=\"https:\/\/www.ff-waldneukirchen.at\/?attachment_id=5663\" class=\"wp-image-5663\" srcset=\"https:\/\/www.ff-waldneukirchen.at\/wp-content\/uploads\/2020\/09\/IMG_1420-min-1024x683.jpg 1024w, https:\/\/www.ff-waldneukirchen.at\/wp-content\/uploads\/2020\/09\/IMG_1420-min-300x200.jpg 300w, https:\/\/www.ff-waldneukirchen.at\/wp-content\/uploads\/2020\/09\/IMG_1420-min-768x512.jpg 768w, https:\/\/www.ff-waldneukirchen.at\/wp-content\/uploads\/2020\/09\/IMG_1420-min-1536x1024.jpg 1536w, https:\/\/www.ff-waldneukirchen.at\/wp-content\/uploads\/2020\/09\/IMG_1420-min-2048x1365.jpg 2048w, https:\/\/www.ff-waldneukirchen.at\/wp-content\/uploads\/2020\/09\/IMG_1420-min-1870x1247.jpg 1870w, https:\/\/www.ff-waldneukirchen.at\/wp-content\/uploads\/2020\/09\/IMG_1420-min-400x267.jpg 400w, https:\/\/www.ff-waldneukirchen.at\/wp-content\/uploads\/2020\/09\/IMG_1420-min-800x533.jpg 800w, https:\/\/www.ff-waldneukirchen.at\/wp-content\/uploads\/2020\/09\/IMG_1420-min-272x182.jpg 272w\" sizes=\"auto, (max-width: 1024px) 100vw, 1024px\" \/><\/figure><\/li><li class=\"blocks-gallery-item\"><figure><img loading=\"lazy\" decoding=\"async\" width=\"1024\" height=\"683\" data-attachment-id=\"5662\" data-permalink=\"https:\/\/www.ff-waldneukirchen.at\/?attachment_id=5662\" data-orig-file=\"https:\/\/www.ff-waldneukirchen.at\/wp-content\/uploads\/2020\/09\/IMG_1409-min-scaled.jpg\" data-orig-size=\"2560,1707\" data-comments-opened=\"0\" data-image-meta=\"{&quot;aperture&quot;:&quot;0&quot;,&quot;credit&quot;:&quot;&quot;,&quot;camera&quot;:&quot;&quot;,&quot;caption&quot;:&quot;&quot;,&quot;created_timestamp&quot;:&quot;0&quot;,&quot;copyright&quot;:&quot;&quot;,&quot;focal_length&quot;:&quot;0&quot;,&quot;iso&quot;:&quot;0&quot;,&quot;shutter_speed&quot;:&quot;0&quot;,&quot;title&quot;:&quot;&quot;,&quot;orientation&quot;:&quot;0&quot;}\" data-image-title=\"IMG_1409-min.JPG\" data-image-description=\"\" data-image-caption=\"\" data-large-file=\"https:\/\/www.ff-waldneukirchen.at\/wp-content\/uploads\/2020\/09\/IMG_1409-min-1024x683.jpg\" src=\"https:\/\/www.ff-waldneukirchen.at\/wp-content\/uploads\/2020\/09\/IMG_1409-min-1024x683.jpg\" alt=\"\" data-id=\"5662\" data-full-url=\"https:\/\/www.ff-waldneukirchen.at\/wp-content\/uploads\/2020\/09\/IMG_1409-min-scaled.jpg\" data-link=\"https:\/\/www.ff-waldneukirchen.at\/?attachment_id=5662\" class=\"wp-image-5662\" srcset=\"https:\/\/www.ff-waldneukirchen.at\/wp-content\/uploads\/2020\/09\/IMG_1409-min-1024x683.jpg 1024w, https:\/\/www.ff-waldneukirchen.at\/wp-content\/uploads\/2020\/09\/IMG_1409-min-300x200.jpg 300w, https:\/\/www.ff-waldneukirchen.at\/wp-content\/uploads\/2020\/09\/IMG_1409-min-768x512.jpg 768w, https:\/\/www.ff-waldneukirchen.at\/wp-content\/uploads\/2020\/09\/IMG_1409-min-1536x1024.jpg 1536w, https:\/\/www.ff-waldneukirchen.at\/wp-content\/uploads\/2020\/09\/IMG_1409-min-2048x1365.jpg 2048w, https:\/\/www.ff-waldneukirchen.at\/wp-content\/uploads\/2020\/09\/IMG_1409-min-1870x1247.jpg 1870w, https:\/\/www.ff-waldneukirchen.at\/wp-content\/uploads\/2020\/09\/IMG_1409-min-400x267.jpg 400w, https:\/\/www.ff-waldneukirchen.at\/wp-content\/uploads\/2020\/09\/IMG_1409-min-800x533.jpg 800w, https:\/\/www.ff-waldneukirchen.at\/wp-content\/uploads\/2020\/09\/IMG_1409-min-272x182.jpg 272w\" sizes=\"auto, (max-width: 1024px) 100vw, 1024px\" \/><\/figure><\/li><li class=\"blocks-gallery-item\"><figure><img loading=\"lazy\" decoding=\"async\" width=\"1024\" height=\"683\" data-attachment-id=\"5661\" data-permalink=\"https:\/\/www.ff-waldneukirchen.at\/?attachment_id=5661\" data-orig-file=\"https:\/\/www.ff-waldneukirchen.at\/wp-content\/uploads\/2020\/09\/IMG_1359-min-scaled.jpg\" data-orig-size=\"2560,1707\" data-comments-opened=\"0\" data-image-meta=\"{&quot;aperture&quot;:&quot;0&quot;,&quot;credit&quot;:&quot;&quot;,&quot;camera&quot;:&quot;&quot;,&quot;caption&quot;:&quot;&quot;,&quot;created_timestamp&quot;:&quot;0&quot;,&quot;copyright&quot;:&quot;&quot;,&quot;focal_length&quot;:&quot;0&quot;,&quot;iso&quot;:&quot;0&quot;,&quot;shutter_speed&quot;:&quot;0&quot;,&quot;title&quot;:&quot;&quot;,&quot;orientation&quot;:&quot;0&quot;}\" data-image-title=\"IMG_1359-min.JPG\" data-image-description=\"\" data-image-caption=\"\" data-large-file=\"https:\/\/www.ff-waldneukirchen.at\/wp-content\/uploads\/2020\/09\/IMG_1359-min-1024x683.jpg\" src=\"https:\/\/www.ff-waldneukirchen.at\/wp-content\/uploads\/2020\/09\/IMG_1359-min-1024x683.jpg\" alt=\"\" data-id=\"5661\" data-full-url=\"https:\/\/www.ff-waldneukirchen.at\/wp-content\/uploads\/2020\/09\/IMG_1359-min-scaled.jpg\" data-link=\"https:\/\/www.ff-waldneukirchen.at\/?attachment_id=5661\" class=\"wp-image-5661\" srcset=\"https:\/\/www.ff-waldneukirchen.at\/wp-content\/uploads\/2020\/09\/IMG_1359-min-1024x683.jpg 1024w, https:\/\/www.ff-waldneukirchen.at\/wp-content\/uploads\/2020\/09\/IMG_1359-min-300x200.jpg 300w, https:\/\/www.ff-waldneukirchen.at\/wp-content\/uploads\/2020\/09\/IMG_1359-min-768x512.jpg 768w, https:\/\/www.ff-waldneukirchen.at\/wp-content\/uploads\/2020\/09\/IMG_1359-min-1536x1024.jpg 1536w, https:\/\/www.ff-waldneukirchen.at\/wp-content\/uploads\/2020\/09\/IMG_1359-min-2048x1365.jpg 2048w, https:\/\/www.ff-waldneukirchen.at\/wp-content\/uploads\/2020\/09\/IMG_1359-min-1870x1247.jpg 1870w, https:\/\/www.ff-waldneukirchen.at\/wp-content\/uploads\/2020\/09\/IMG_1359-min-400x267.jpg 400w, https:\/\/www.ff-waldneukirchen.at\/wp-content\/uploads\/2020\/09\/IMG_1359-min-800x533.jpg 800w, https:\/\/www.ff-waldneukirchen.at\/wp-content\/uploads\/2020\/09\/IMG_1359-min-272x182.jpg 272w\" sizes=\"auto, (max-width: 1024px) 100vw, 1024px\" \/><\/figure><\/li><li class=\"blocks-gallery-item\"><figure><img loading=\"lazy\" decoding=\"async\" width=\"1024\" height=\"683\" data-attachment-id=\"5660\" data-permalink=\"https:\/\/www.ff-waldneukirchen.at\/?attachment_id=5660\" data-orig-file=\"https:\/\/www.ff-waldneukirchen.at\/wp-content\/uploads\/2020\/09\/IMG_1327-min-scaled.jpg\" data-orig-size=\"2560,1707\" data-comments-opened=\"0\" data-image-meta=\"{&quot;aperture&quot;:&quot;0&quot;,&quot;credit&quot;:&quot;&quot;,&quot;camera&quot;:&quot;&quot;,&quot;caption&quot;:&quot;&quot;,&quot;created_timestamp&quot;:&quot;0&quot;,&quot;copyright&quot;:&quot;&quot;,&quot;focal_length&quot;:&quot;0&quot;,&quot;iso&quot;:&quot;0&quot;,&quot;shutter_speed&quot;:&quot;0&quot;,&quot;title&quot;:&quot;&quot;,&quot;orientation&quot;:&quot;0&quot;}\" data-image-title=\"IMG_1327-min.JPG\" data-image-description=\"\" data-image-caption=\"\" data-large-file=\"https:\/\/www.ff-waldneukirchen.at\/wp-content\/uploads\/2020\/09\/IMG_1327-min-1024x683.jpg\" src=\"https:\/\/www.ff-waldneukirchen.at\/wp-content\/uploads\/2020\/09\/IMG_1327-min-1024x683.jpg\" alt=\"\" data-id=\"5660\" data-full-url=\"https:\/\/www.ff-waldneukirchen.at\/wp-content\/uploads\/2020\/09\/IMG_1327-min-scaled.jpg\" data-link=\"https:\/\/www.ff-waldneukirchen.at\/?attachment_id=5660\" class=\"wp-image-5660\" srcset=\"https:\/\/www.ff-waldneukirchen.at\/wp-content\/uploads\/2020\/09\/IMG_1327-min-1024x683.jpg 1024w, https:\/\/www.ff-waldneukirchen.at\/wp-content\/uploads\/2020\/09\/IMG_1327-min-300x200.jpg 300w, https:\/\/www.ff-waldneukirchen.at\/wp-content\/uploads\/2020\/09\/IMG_1327-min-768x512.jpg 768w, https:\/\/www.ff-waldneukirchen.at\/wp-content\/uploads\/2020\/09\/IMG_1327-min-1536x1024.jpg 1536w, https:\/\/www.ff-waldneukirchen.at\/wp-content\/uploads\/2020\/09\/IMG_1327-min-2048x1365.jpg 2048w, https:\/\/www.ff-waldneukirchen.at\/wp-content\/uploads\/2020\/09\/IMG_1327-min-1870x1247.jpg 1870w, https:\/\/www.ff-waldneukirchen.at\/wp-content\/uploads\/2020\/09\/IMG_1327-min-400x267.jpg 400w, https:\/\/www.ff-waldneukirchen.at\/wp-content\/uploads\/2020\/09\/IMG_1327-min-800x533.jpg 800w, https:\/\/www.ff-waldneukirchen.at\/wp-content\/uploads\/2020\/09\/IMG_1327-min-272x182.jpg 272w\" sizes=\"auto, (max-width: 1024px) 100vw, 1024px\" \/><\/figure><\/li><li class=\"blocks-gallery-item\"><figure><img loading=\"lazy\" decoding=\"async\" width=\"1024\" height=\"683\" data-attachment-id=\"5659\" data-permalink=\"https:\/\/www.ff-waldneukirchen.at\/?attachment_id=5659\" data-orig-file=\"https:\/\/www.ff-waldneukirchen.at\/wp-content\/uploads\/2020\/09\/IMG_1274-min-scaled.jpg\" data-orig-size=\"2560,1707\" data-comments-opened=\"0\" data-image-meta=\"{&quot;aperture&quot;:&quot;0&quot;,&quot;credit&quot;:&quot;&quot;,&quot;camera&quot;:&quot;&quot;,&quot;caption&quot;:&quot;&quot;,&quot;created_timestamp&quot;:&quot;0&quot;,&quot;copyright&quot;:&quot;&quot;,&quot;focal_length&quot;:&quot;0&quot;,&quot;iso&quot;:&quot;0&quot;,&quot;shutter_speed&quot;:&quot;0&quot;,&quot;title&quot;:&quot;&quot;,&quot;orientation&quot;:&quot;0&quot;}\" data-image-title=\"IMG_1274-min.JPG\" data-image-description=\"\" data-image-caption=\"\" data-large-file=\"https:\/\/www.ff-waldneukirchen.at\/wp-content\/uploads\/2020\/09\/IMG_1274-min-1024x683.jpg\" src=\"https:\/\/www.ff-waldneukirchen.at\/wp-content\/uploads\/2020\/09\/IMG_1274-min-1024x683.jpg\" alt=\"\" data-id=\"5659\" data-full-url=\"https:\/\/www.ff-waldneukirchen.at\/wp-content\/uploads\/2020\/09\/IMG_1274-min-scaled.jpg\" data-link=\"https:\/\/www.ff-waldneukirchen.at\/?attachment_id=5659\" class=\"wp-image-5659\" srcset=\"https:\/\/www.ff-waldneukirchen.at\/wp-content\/uploads\/2020\/09\/IMG_1274-min-1024x683.jpg 1024w, https:\/\/www.ff-waldneukirchen.at\/wp-content\/uploads\/2020\/09\/IMG_1274-min-300x200.jpg 300w, https:\/\/www.ff-waldneukirchen.at\/wp-content\/uploads\/2020\/09\/IMG_1274-min-768x512.jpg 768w, https:\/\/www.ff-waldneukirchen.at\/wp-content\/uploads\/2020\/09\/IMG_1274-min-1536x1024.jpg 1536w, https:\/\/www.ff-waldneukirchen.at\/wp-content\/uploads\/2020\/09\/IMG_1274-min-2048x1365.jpg 2048w, https:\/\/www.ff-waldneukirchen.at\/wp-content\/uploads\/2020\/09\/IMG_1274-min-1870x1247.jpg 1870w, https:\/\/www.ff-waldneukirchen.at\/wp-content\/uploads\/2020\/09\/IMG_1274-min-400x267.jpg 400w, https:\/\/www.ff-waldneukirchen.at\/wp-content\/uploads\/2020\/09\/IMG_1274-min-800x533.jpg 800w, https:\/\/www.ff-waldneukirchen.at\/wp-content\/uploads\/2020\/09\/IMG_1274-min-272x182.jpg 272w\" sizes=\"auto, (max-width: 1024px) 100vw, 1024px\" \/><\/figure><\/li><li class=\"blocks-gallery-item\"><figure><img loading=\"lazy\" decoding=\"async\" width=\"1024\" height=\"683\" data-attachment-id=\"5658\" data-permalink=\"https:\/\/www.ff-waldneukirchen.at\/?attachment_id=5658\" data-orig-file=\"https:\/\/www.ff-waldneukirchen.at\/wp-content\/uploads\/2020\/09\/IMG_1455-min-scaled.jpg\" data-orig-size=\"2560,1707\" data-comments-opened=\"0\" data-image-meta=\"{&quot;aperture&quot;:&quot;0&quot;,&quot;credit&quot;:&quot;&quot;,&quot;camera&quot;:&quot;&quot;,&quot;caption&quot;:&quot;&quot;,&quot;created_timestamp&quot;:&quot;0&quot;,&quot;copyright&quot;:&quot;&quot;,&quot;focal_length&quot;:&quot;0&quot;,&quot;iso&quot;:&quot;0&quot;,&quot;shutter_speed&quot;:&quot;0&quot;,&quot;title&quot;:&quot;&quot;,&quot;orientation&quot;:&quot;0&quot;}\" data-image-title=\"IMG_1455-min.JPG\" data-image-description=\"\" data-image-caption=\"\" data-large-file=\"https:\/\/www.ff-waldneukirchen.at\/wp-content\/uploads\/2020\/09\/IMG_1455-min-1024x683.jpg\" src=\"https:\/\/www.ff-waldneukirchen.at\/wp-content\/uploads\/2020\/09\/IMG_1455-min-1024x683.jpg\" alt=\"\" data-id=\"5658\" data-full-url=\"https:\/\/www.ff-waldneukirchen.at\/wp-content\/uploads\/2020\/09\/IMG_1455-min-scaled.jpg\" data-link=\"https:\/\/www.ff-waldneukirchen.at\/?attachment_id=5658\" class=\"wp-image-5658 is-layout-flex wp-block-gallery-is-layout-flex\" srcset=\"https:\/\/www.ff-waldneukirchen.at\/wp-content\/uploads\/2020\/09\/IMG_1455-min-1024x683.jpg 1024w, https:\/\/www.ff-waldneukirchen.at\/wp-content\/uploads\/2020\/09\/IMG_1455-min-300x200.jpg 300w, https:\/\/www.ff-waldneukirchen.at\/wp-content\/uploads\/2020\/09\/IMG_1455-min-768x512.jpg 768w, https:\/\/www.ff-waldneukirchen.at\/wp-content\/uploads\/2020\/09\/IMG_1455-min-1536x1024.jpg 1536w, https:\/\/www.ff-waldneukirchen.at\/wp-content\/uploads\/2020\/09\/IMG_1455-min-2048x1365.jpg 2048w, https:\/\/www.ff-waldneukirchen.at\/wp-content\/uploads\/2020\/09\/IMG_1455-min-1870x1247.jpg 1870w, https:\/\/www.ff-waldneukirchen.at\/wp-content\/uploads\/2020\/09\/IMG_1455-min-400x267.jpg 400w, https:\/\/www.ff-waldneukirchen.at\/wp-content\/uploads\/2020\/09\/IMG_1455-min-800x533.jpg 800w, https:\/\/www.ff-waldneukirchen.at\/wp-content\/uploads\/2020\/09\/IMG_1455-min-272x182.jpg 272w\" sizes=\"auto, (max-width: 1024px) 100vw, 1024px\" \/><\/figure><\/li><\/ul><\/figure>\n","protected":false},"excerpt":{"rendered":"<p>Dieses Jahr fand die allj\u00e4hrliche Pflichtbereichs\u00fcbung der 3 Feuerwehren von Waldneukirchen direkt im Ortzentrum statt. Als Zielobjekt wurde die Pfarrkirche, bei welcher gerade die Au\u00dfenfassade erneuert wird ausgesucht. \u00a0 Annahme war das bei Instandhaltungsarbeiten ein Feuer im unteren Bereich des Glockenturm ausbrach. Eine Vermisste und zwei verletzte Personen wurden von der Feuerwehr mit Unterst\u00fctzung der [&hellip;]<\/p>\n","protected":false},"author":3,"featured_media":5658,"comment_status":"closed","ping_status":"open","sticky":false,"template":"","format":"standard","meta":{"advgb_blocks_editor_width":"","advgb_blocks_columns_visual_guide":"","advanced_seo_description":"","jetpack_seo_html_title":"","jetpack_seo_noindex":false,"_jetpack_memberships_contains_paid_content":false,"footnotes":"","jetpack_publicize_message":"","jetpack_publicize_feature_enabled":true,"jetpack_social_post_already_shared":true,"jetpack_social_options":{"image_generator_settings":{"template":"highway","default_image_id":0,"font":"","enabled":false},"version":2}},"categories":[2],"tags":[],"class_list":["post-5657","post","type-post","status-publish","format-standard","has-post-thumbnail","hentry","category-aktuell","has-thumbnail"],"author_meta":{"display_name":"Christian Mandorfer","author_link":"https:\/\/www.ff-waldneukirchen.at\/?author=3"},"featured_img":"https:\/\/www.ff-waldneukirchen.at\/wp-content\/uploads\/2020\/09\/IMG_1455-min-300x200.jpg","jetpack_publicize_connections":[],"jetpack_featured_media_url":"https:\/\/www.ff-waldneukirchen.at\/wp-content\/uploads\/2020\/09\/IMG_1455-min-scaled.jpg","coauthors":[],"tax_additional":{"categories":{"linked":["<a href=\"https:\/\/www.ff-waldneukirchen.at\/?cat=2\" class=\"advgb-post-tax-term\">Aktuell<\/a>"],"unlinked":["<span class=\"advgb-post-tax-term\">Aktuell<\/span>"]}},"comment_count":"0","relative_dates":{"created":"Ver\u00f6ffentlicht 6\u00a0Jahren vor","modified":"Aktualisiert 6\u00a0Jahren vor"},"absolute_dates":{"created":"Ver\u00f6ffentlicht am 23\/09\/2020","modified":"Aktualisiert am 23\/09\/2020"},"absolute_dates_time":{"created":"Ver\u00f6ffentlicht am 23\/09\/2020 13:04","modified":"Aktualisiert am 23\/09\/2020 19:11"},"featured_img_caption":"","series_order":"","jetpack_sharing_enabled":true,"_links":{"self":[{"href":"https:\/\/www.ff-waldneukirchen.at\/index.php?rest_route=\/wp\/v2\/posts\/5657","targetHints":{"allow":["GET"]}}],"collection":[{"href":"https:\/\/www.ff-waldneukirchen.at\/index.php?rest_route=\/wp\/v2\/posts"}],"about":[{"href":"https:\/\/www.ff-waldneukirchen.at\/index.php?rest_route=\/wp\/v2\/types\/post"}],"author":[{"embeddable":true,"href":"https:\/\/www.ff-waldneukirchen.at\/index.php?rest_route=\/wp\/v2\/users\/3"}],"replies":[{"embeddable":true,"href":"https:\/\/www.ff-waldneukirchen.at\/index.php?rest_route=%2Fwp%2Fv2%2Fcomments&post=5657"}],"version-history":[{"count":0,"href":"https:\/\/www.ff-waldneukirchen.at\/index.php?rest_route=\/wp\/v2\/posts\/5657\/revisions"}],"wp:featuredmedia":[{"embeddable":true,"href":"https:\/\/www.ff-waldneukirchen.at\/index.php?rest_route=\/wp\/v2\/media\/5658"}],"wp:attachment":[{"href":"https:\/\/www.ff-waldneukirchen.at\/index.php?rest_route=%2Fwp%2Fv2%2Fmedia&parent=5657"}],"wp:term":[{"taxonomy":"category","embeddable":true,"href":"https:\/\/www.ff-waldneukirchen.at\/index.php?rest_route=%2Fwp%2Fv2%2Fcategories&post=5657"},{"taxonomy":"post_tag","embeddable":true,"href":"https:\/\/www.ff-waldneukirchen.at\/index.php?rest_route=%2Fwp%2Fv2%2Ftags&post=5657"}],"curies":[{"name":"wp","href":"https:\/\/api.w.org\/{rel}","templated":true}]}}