{"id":5670,"date":"2020-10-06T13:21:44","date_gmt":"2020-10-06T12:21:44","guid":{"rendered":"https:\/\/www.ff-waldneukirchen.at\/?p=5670"},"modified":"2020-10-06T13:48:49","modified_gmt":"2020-10-06T12:48:49","slug":"herbstuebung-in-waldneukirchen","status":"publish","type":"post","link":"https:\/\/www.ff-waldneukirchen.at\/?p=5670","title":{"rendered":"Herbst\u00fcbung in Waldneukirchen"},"content":{"rendered":"<div>\n<div class=\"WordSection1\">\n<p class=\"MsoNormal\"><span style=\"font-size: 10.0pt;\">Die diesj\u00e4hrige Herbst\u00fcbung des Abschnitts Bad Hall wurde heuer in Waldneukirchen durchgef\u00fchrt. Als \u00dcbungsobjekt diente die Fa. Coronet Austria welche am ehemaligen Gel\u00e4nde des Ziegelwerk Mayrhofer ein umfangreiches Lager samt B\u00fcrotrakt betreibt.<\/span><\/p>\n<p class=\"MsoNormal\"><span style=\"font-size: 10.0pt;\">\u00a0<\/span><span style=\"font-size: 10.0pt;\">\u00dcbungsannahme war ein Brandausbruch in einem Teil des weitl\u00e4ufigen Geb\u00e4udekomplexes. Der dabei entstehende Rauch hatte sich auf weite Bereiche der Lagerhallen ausgebreitet. Es galt 6 im Geb\u00e4ude vermisste Personen aus den verschiedene Geb\u00e4udeteilen zu befreien. <\/span><\/p>\n<p class=\"MsoNormal\"><span style=\"font-size: 10.0pt;\">\u00a0<\/span><span style=\"font-size: 10.0pt;\">Die zuerst am \u00dcbungsobjekt eingetroffene Feuerwehr Waldneukirchen stellte sogleich den Einsatzleiter und l\u00f6ste umgehend die Alarmstufe 2 aus. Daraufhin r\u00fcckten die Feuerwehren des Abschnitts Bad Hall laut Alarmplan am \u00dcbungsgel\u00e4nde an.<\/span><\/p>\n<p class=\"MsoNormal\"><span style=\"font-size: 10.0pt;\">\u00a0<\/span><span style=\"font-size: 10.0pt;\">Die Drehleiter Bad Hall f\u00fchrte einen L\u00f6schangriff an der Ostseite des Hauptgeb\u00e4udes durch und wurden dabei an der S\u00fcdseite der Lagerhallen von der FF Adlwang unterst\u00fctzt. \u00a0F\u00fcr die ausreichende Wasserversorgung mussten drei Relaisleitungen von den n\u00e4chstgelegenen Wasserentnahmestellen verlegt werden. Dabei wurde auch aus einem nahegelegenen L\u00f6schteich Wasser entnommen. <\/span><\/p>\n<p class=\"MsoNormal\"><span style=\"font-size: 10.0pt;\">\u00a0<\/span><span style=\"font-size: 10.0pt;\">Die Atemschutzsammelstelle organisierte die laufende Personensuche der zahlreichen Atemschutztrupps im Inneren der Lagerhallen. Dar\u00fcber hinaus wurden die aus dem Geb\u00e4ude befreiten Personen erstversorgt.<\/span><\/p>\n<p class=\"MsoNormal\"><span style=\"font-size: 10.0pt;\">\u00a0<\/span><span style=\"font-size: 10.0pt;\">Die Koordinierung der zahlreichen Einsatzkr\u00e4fte wurde durch die Einsatzleitung in Zusammenarbeit mit dem Einsatzleiter bewerkstelligt. Eine weitere Herausforderung war die Verkehrsabsicherung und die damit verbundenen Behinderungen im Bereich der \u00dcbungsstelle.<\/span><\/p>\n<p class=\"MsoNormal\"><span style=\"font-size: 10.0pt;\">\u00a0<\/span><span style=\"font-size: 10.0pt;\">Nach rund 1,5 Stunden war das \u00dcbungsszenario erfolgreich abgearbeitet und die Mannschaften konnten die Einsatzbereitschaft wieder herstellen. <\/span><\/p>\n<p class=\"MsoNormal\"><span style=\"font-size: 10.0pt;\">\u00a0<\/span><span style=\"font-size: 10.0pt;\">Im Anschluss an die Gro\u00df\u00fcbung erfolgte eine gemeinsame Nachbesprechung. Im Beisein von B\u00fcrgermeister Schneckenleitner und Coronet Austria Gesch\u00e4ftsf\u00fchrer Ausserhuber wurden die wesentlichen Eckpunkte dieser \u00dcbung er\u00f6rtert. <\/span><\/p>\n<p class=\"MsoNormal\"><span style=\"font-size: 10.0pt;\">\u00a0<\/span><span style=\"font-size: 10.0pt;\">Gro\u00dfer Dank gibt der Belegschaft der Fa. Coronet welche im Vorfeld der Feuerwehr\u00fcbung eine R\u00e4umungs\u00fcbung durchf\u00fchrten, organisiert von den Brandschutzbeauftragten des Standorts. Dar\u00fcber hinaus stellten sich mehrere Mitarbeiterinnen als \u00dcbungsbeteiligte zur Verf\u00fcgung. <\/span><\/p>\n<p class=\"MsoNormal\"><span style=\"font-size: 10.0pt;\">\u00a0<\/span><span style=\"font-size: 10.0pt;\">Ebenfalls bedanken m\u00f6chten wir uns bei B\u00fcrgermeister Schneckenleitner und Coronet Austria Gesch\u00e4ftsf\u00fchrer Ausserhuber f\u00fcr die anschlie\u00dfende Verpflegung der Kameraden. <\/span><\/p>\n<p>\u00a0<\/p>\n<\/div>\n<\/div>\n\n\n<figure class=\"wp-block-gallery columns-3 is-cropped wp-block-gallery-1\"><ul class=\"blocks-gallery-grid\"><li class=\"blocks-gallery-item\"><figure><img loading=\"lazy\" decoding=\"async\" width=\"1024\" height=\"768\" data-attachment-id=\"5680\" data-permalink=\"https:\/\/www.ff-waldneukirchen.at\/?attachment_id=5680\" data-orig-file=\"https:\/\/www.ff-waldneukirchen.at\/wp-content\/uploads\/2020\/10\/\u00dcbung-7.jpg\" data-orig-size=\"2016,1512\" data-comments-opened=\"0\" data-image-meta=\"{&quot;aperture&quot;:&quot;0&quot;,&quot;credit&quot;:&quot;&quot;,&quot;camera&quot;:&quot;&quot;,&quot;caption&quot;:&quot;&quot;,&quot;created_timestamp&quot;:&quot;0&quot;,&quot;copyright&quot;:&quot;&quot;,&quot;focal_length&quot;:&quot;0&quot;,&quot;iso&quot;:&quot;0&quot;,&quot;shutter_speed&quot;:&quot;0&quot;,&quot;title&quot;:&quot;&quot;,&quot;orientation&quot;:&quot;0&quot;}\" data-image-title=\"\u00dcbung-7.jpg\" data-image-description=\"\" data-image-caption=\"\" data-large-file=\"https:\/\/www.ff-waldneukirchen.at\/wp-content\/uploads\/2020\/10\/\u00dcbung-7-1024x768.jpg\" src=\"https:\/\/www.ff-waldneukirchen.at\/wp-content\/uploads\/2020\/10\/\u00dcbung-7-1024x768.jpg\" alt=\"\" data-id=\"5680\" data-full-url=\"https:\/\/www.ff-waldneukirchen.at\/wp-content\/uploads\/2020\/10\/\u00dcbung-7.jpg\" data-link=\"https:\/\/www.ff-waldneukirchen.at\/?attachment_id=5680\" class=\"wp-image-5680\" srcset=\"https:\/\/www.ff-waldneukirchen.at\/wp-content\/uploads\/2020\/10\/\u00dcbung-7-1024x768.jpg 1024w, https:\/\/www.ff-waldneukirchen.at\/wp-content\/uploads\/2020\/10\/\u00dcbung-7-300x225.jpg 300w, https:\/\/www.ff-waldneukirchen.at\/wp-content\/uploads\/2020\/10\/\u00dcbung-7-768x576.jpg 768w, https:\/\/www.ff-waldneukirchen.at\/wp-content\/uploads\/2020\/10\/\u00dcbung-7-1536x1152.jpg 1536w, https:\/\/www.ff-waldneukirchen.at\/wp-content\/uploads\/2020\/10\/\u00dcbung-7-1870x1403.jpg 1870w, https:\/\/www.ff-waldneukirchen.at\/wp-content\/uploads\/2020\/10\/\u00dcbung-7-400x300.jpg 400w, https:\/\/www.ff-waldneukirchen.at\/wp-content\/uploads\/2020\/10\/\u00dcbung-7-800x600.jpg 800w, https:\/\/www.ff-waldneukirchen.at\/wp-content\/uploads\/2020\/10\/\u00dcbung-7.jpg 2016w\" sizes=\"auto, (max-width: 1024px) 100vw, 1024px\" \/><\/figure><\/li><li class=\"blocks-gallery-item\"><figure><img loading=\"lazy\" decoding=\"async\" width=\"1024\" height=\"768\" data-attachment-id=\"5679\" data-permalink=\"https:\/\/www.ff-waldneukirchen.at\/?attachment_id=5679\" data-orig-file=\"https:\/\/www.ff-waldneukirchen.at\/wp-content\/uploads\/2020\/10\/\u00dcbung-5.jpg\" data-orig-size=\"2016,1512\" data-comments-opened=\"0\" data-image-meta=\"{&quot;aperture&quot;:&quot;0&quot;,&quot;credit&quot;:&quot;&quot;,&quot;camera&quot;:&quot;&quot;,&quot;caption&quot;:&quot;&quot;,&quot;created_timestamp&quot;:&quot;0&quot;,&quot;copyright&quot;:&quot;&quot;,&quot;focal_length&quot;:&quot;0&quot;,&quot;iso&quot;:&quot;0&quot;,&quot;shutter_speed&quot;:&quot;0&quot;,&quot;title&quot;:&quot;&quot;,&quot;orientation&quot;:&quot;0&quot;}\" data-image-title=\"\u00dcbung-5.jpg\" data-image-description=\"\" data-image-caption=\"\" data-large-file=\"https:\/\/www.ff-waldneukirchen.at\/wp-content\/uploads\/2020\/10\/\u00dcbung-5-1024x768.jpg\" src=\"https:\/\/www.ff-waldneukirchen.at\/wp-content\/uploads\/2020\/10\/\u00dcbung-5-1024x768.jpg\" alt=\"\" data-id=\"5679\" data-full-url=\"https:\/\/www.ff-waldneukirchen.at\/wp-content\/uploads\/2020\/10\/\u00dcbung-5.jpg\" data-link=\"https:\/\/www.ff-waldneukirchen.at\/?attachment_id=5679\" class=\"wp-image-5679\" srcset=\"https:\/\/www.ff-waldneukirchen.at\/wp-content\/uploads\/2020\/10\/\u00dcbung-5-1024x768.jpg 1024w, https:\/\/www.ff-waldneukirchen.at\/wp-content\/uploads\/2020\/10\/\u00dcbung-5-300x225.jpg 300w, https:\/\/www.ff-waldneukirchen.at\/wp-content\/uploads\/2020\/10\/\u00dcbung-5-768x576.jpg 768w, https:\/\/www.ff-waldneukirchen.at\/wp-content\/uploads\/2020\/10\/\u00dcbung-5-1536x1152.jpg 1536w, https:\/\/www.ff-waldneukirchen.at\/wp-content\/uploads\/2020\/10\/\u00dcbung-5-1870x1403.jpg 1870w, https:\/\/www.ff-waldneukirchen.at\/wp-content\/uploads\/2020\/10\/\u00dcbung-5-400x300.jpg 400w, https:\/\/www.ff-waldneukirchen.at\/wp-content\/uploads\/2020\/10\/\u00dcbung-5-800x600.jpg 800w, https:\/\/www.ff-waldneukirchen.at\/wp-content\/uploads\/2020\/10\/\u00dcbung-5.jpg 2016w\" sizes=\"auto, (max-width: 1024px) 100vw, 1024px\" \/><\/figure><\/li><li class=\"blocks-gallery-item\"><figure><img loading=\"lazy\" decoding=\"async\" width=\"1024\" height=\"768\" data-attachment-id=\"5678\" data-permalink=\"https:\/\/www.ff-waldneukirchen.at\/?attachment_id=5678\" data-orig-file=\"https:\/\/www.ff-waldneukirchen.at\/wp-content\/uploads\/2020\/10\/\u00dcbung-4.jpg\" data-orig-size=\"2016,1512\" data-comments-opened=\"0\" data-image-meta=\"{&quot;aperture&quot;:&quot;0&quot;,&quot;credit&quot;:&quot;&quot;,&quot;camera&quot;:&quot;&quot;,&quot;caption&quot;:&quot;&quot;,&quot;created_timestamp&quot;:&quot;0&quot;,&quot;copyright&quot;:&quot;&quot;,&quot;focal_length&quot;:&quot;0&quot;,&quot;iso&quot;:&quot;0&quot;,&quot;shutter_speed&quot;:&quot;0&quot;,&quot;title&quot;:&quot;&quot;,&quot;orientation&quot;:&quot;0&quot;}\" data-image-title=\"\u00dcbung-4.jpg\" data-image-description=\"\" data-image-caption=\"\" data-large-file=\"https:\/\/www.ff-waldneukirchen.at\/wp-content\/uploads\/2020\/10\/\u00dcbung-4-1024x768.jpg\" src=\"https:\/\/www.ff-waldneukirchen.at\/wp-content\/uploads\/2020\/10\/\u00dcbung-4-1024x768.jpg\" alt=\"\" data-id=\"5678\" data-full-url=\"https:\/\/www.ff-waldneukirchen.at\/wp-content\/uploads\/2020\/10\/\u00dcbung-4.jpg\" data-link=\"https:\/\/www.ff-waldneukirchen.at\/?attachment_id=5678\" class=\"wp-image-5678\" srcset=\"https:\/\/www.ff-waldneukirchen.at\/wp-content\/uploads\/2020\/10\/\u00dcbung-4-1024x768.jpg 1024w, https:\/\/www.ff-waldneukirchen.at\/wp-content\/uploads\/2020\/10\/\u00dcbung-4-300x225.jpg 300w, https:\/\/www.ff-waldneukirchen.at\/wp-content\/uploads\/2020\/10\/\u00dcbung-4-768x576.jpg 768w, https:\/\/www.ff-waldneukirchen.at\/wp-content\/uploads\/2020\/10\/\u00dcbung-4-1536x1152.jpg 1536w, https:\/\/www.ff-waldneukirchen.at\/wp-content\/uploads\/2020\/10\/\u00dcbung-4-1870x1403.jpg 1870w, https:\/\/www.ff-waldneukirchen.at\/wp-content\/uploads\/2020\/10\/\u00dcbung-4-400x300.jpg 400w, https:\/\/www.ff-waldneukirchen.at\/wp-content\/uploads\/2020\/10\/\u00dcbung-4-800x600.jpg 800w, https:\/\/www.ff-waldneukirchen.at\/wp-content\/uploads\/2020\/10\/\u00dcbung-4.jpg 2016w\" sizes=\"auto, (max-width: 1024px) 100vw, 1024px\" \/><\/figure><\/li><li class=\"blocks-gallery-item\"><figure><img loading=\"lazy\" decoding=\"async\" width=\"768\" height=\"1024\" data-attachment-id=\"5677\" data-permalink=\"https:\/\/www.ff-waldneukirchen.at\/?attachment_id=5677\" data-orig-file=\"https:\/\/www.ff-waldneukirchen.at\/wp-content\/uploads\/2020\/10\/\u00dcbung-2.jpg\" data-orig-size=\"1512,2016\" data-comments-opened=\"0\" data-image-meta=\"{&quot;aperture&quot;:&quot;0&quot;,&quot;credit&quot;:&quot;&quot;,&quot;camera&quot;:&quot;&quot;,&quot;caption&quot;:&quot;&quot;,&quot;created_timestamp&quot;:&quot;1601993233&quot;,&quot;copyright&quot;:&quot;&quot;,&quot;focal_length&quot;:&quot;0&quot;,&quot;iso&quot;:&quot;0&quot;,&quot;shutter_speed&quot;:&quot;0&quot;,&quot;title&quot;:&quot;&quot;,&quot;orientation&quot;:&quot;1&quot;}\" data-image-title=\"\u00dcbung-2.jpg\" data-image-description=\"\" data-image-caption=\"\" data-large-file=\"https:\/\/www.ff-waldneukirchen.at\/wp-content\/uploads\/2020\/10\/\u00dcbung-2-768x1024.jpg\" src=\"https:\/\/www.ff-waldneukirchen.at\/wp-content\/uploads\/2020\/10\/\u00dcbung-2-768x1024.jpg\" alt=\"\" data-id=\"5677\" data-full-url=\"https:\/\/www.ff-waldneukirchen.at\/wp-content\/uploads\/2020\/10\/\u00dcbung-2.jpg\" data-link=\"https:\/\/www.ff-waldneukirchen.at\/?attachment_id=5677\" class=\"wp-image-5677\" srcset=\"https:\/\/www.ff-waldneukirchen.at\/wp-content\/uploads\/2020\/10\/\u00dcbung-2-768x1024.jpg 768w, https:\/\/www.ff-waldneukirchen.at\/wp-content\/uploads\/2020\/10\/\u00dcbung-2-225x300.jpg 225w, https:\/\/www.ff-waldneukirchen.at\/wp-content\/uploads\/2020\/10\/\u00dcbung-2-1152x1536.jpg 1152w, https:\/\/www.ff-waldneukirchen.at\/wp-content\/uploads\/2020\/10\/\u00dcbung-2-400x533.jpg 400w, https:\/\/www.ff-waldneukirchen.at\/wp-content\/uploads\/2020\/10\/\u00dcbung-2-800x1067.jpg 800w, https:\/\/www.ff-waldneukirchen.at\/wp-content\/uploads\/2020\/10\/\u00dcbung-2.jpg 1512w\" sizes=\"auto, (max-width: 768px) 100vw, 768px\" \/><\/figure><\/li><li class=\"blocks-gallery-item\"><figure><img loading=\"lazy\" decoding=\"async\" width=\"1024\" height=\"768\" data-attachment-id=\"5675\" data-permalink=\"https:\/\/www.ff-waldneukirchen.at\/?attachment_id=5675\" data-orig-file=\"https:\/\/www.ff-waldneukirchen.at\/wp-content\/uploads\/2020\/10\/IMG_8358_Bildgr\u00f6\u00dfe-\u00e4ndern.jpg\" data-orig-size=\"1210,907\" data-comments-opened=\"0\" data-image-meta=\"{&quot;aperture&quot;:&quot;2.2&quot;,&quot;credit&quot;:&quot;&quot;,&quot;camera&quot;:&quot;iPhone SE&quot;,&quot;caption&quot;:&quot;&quot;,&quot;created_timestamp&quot;:&quot;1601928415&quot;,&quot;copyright&quot;:&quot;&quot;,&quot;focal_length&quot;:&quot;4.15&quot;,&quot;iso&quot;:&quot;1250&quot;,&quot;shutter_speed&quot;:&quot;0.058823529411765&quot;,&quot;title&quot;:&quot;&quot;,&quot;orientation&quot;:&quot;1&quot;}\" data-image-title=\"IMG_8358_Bildgr\u00f6\u00dfe-\u00e4ndern.JPG\" data-image-description=\"\" data-image-caption=\"\" data-large-file=\"https:\/\/www.ff-waldneukirchen.at\/wp-content\/uploads\/2020\/10\/IMG_8358_Bildgr\u00f6\u00dfe-\u00e4ndern-1024x768.jpg\" src=\"https:\/\/www.ff-waldneukirchen.at\/wp-content\/uploads\/2020\/10\/IMG_8358_Bildgr\u00f6\u00dfe-\u00e4ndern-1024x768.jpg\" alt=\"\" data-id=\"5675\" data-full-url=\"https:\/\/www.ff-waldneukirchen.at\/wp-content\/uploads\/2020\/10\/IMG_8358_Bildgr\u00f6\u00dfe-\u00e4ndern.jpg\" data-link=\"https:\/\/www.ff-waldneukirchen.at\/?attachment_id=5675\" class=\"wp-image-5675\" srcset=\"https:\/\/www.ff-waldneukirchen.at\/wp-content\/uploads\/2020\/10\/IMG_8358_Bildgr\u00f6\u00dfe-\u00e4ndern-1024x768.jpg 1024w, https:\/\/www.ff-waldneukirchen.at\/wp-content\/uploads\/2020\/10\/IMG_8358_Bildgr\u00f6\u00dfe-\u00e4ndern-300x225.jpg 300w, https:\/\/www.ff-waldneukirchen.at\/wp-content\/uploads\/2020\/10\/IMG_8358_Bildgr\u00f6\u00dfe-\u00e4ndern-768x576.jpg 768w, https:\/\/www.ff-waldneukirchen.at\/wp-content\/uploads\/2020\/10\/IMG_8358_Bildgr\u00f6\u00dfe-\u00e4ndern-400x300.jpg 400w, https:\/\/www.ff-waldneukirchen.at\/wp-content\/uploads\/2020\/10\/IMG_8358_Bildgr\u00f6\u00dfe-\u00e4ndern-800x600.jpg 800w, https:\/\/www.ff-waldneukirchen.at\/wp-content\/uploads\/2020\/10\/IMG_8358_Bildgr\u00f6\u00dfe-\u00e4ndern.jpg 1210w\" sizes=\"auto, (max-width: 1024px) 100vw, 1024px\" \/><\/figure><\/li><li class=\"blocks-gallery-item\"><figure><img loading=\"lazy\" decoding=\"async\" width=\"1024\" height=\"768\" data-attachment-id=\"5676\" data-permalink=\"https:\/\/www.ff-waldneukirchen.at\/?attachment_id=5676\" data-orig-file=\"https:\/\/www.ff-waldneukirchen.at\/wp-content\/uploads\/2020\/10\/\u00dcbung-1.jpg\" data-orig-size=\"2016,1512\" data-comments-opened=\"0\" data-image-meta=\"{&quot;aperture&quot;:&quot;0&quot;,&quot;credit&quot;:&quot;&quot;,&quot;camera&quot;:&quot;&quot;,&quot;caption&quot;:&quot;&quot;,&quot;created_timestamp&quot;:&quot;0&quot;,&quot;copyright&quot;:&quot;&quot;,&quot;focal_length&quot;:&quot;0&quot;,&quot;iso&quot;:&quot;0&quot;,&quot;shutter_speed&quot;:&quot;0&quot;,&quot;title&quot;:&quot;&quot;,&quot;orientation&quot;:&quot;0&quot;}\" data-image-title=\"\u00dcbung-1.jpg\" data-image-description=\"\" data-image-caption=\"\" data-large-file=\"https:\/\/www.ff-waldneukirchen.at\/wp-content\/uploads\/2020\/10\/\u00dcbung-1-1024x768.jpg\" src=\"https:\/\/www.ff-waldneukirchen.at\/wp-content\/uploads\/2020\/10\/\u00dcbung-1-1024x768.jpg\" alt=\"\" data-id=\"5676\" data-full-url=\"https:\/\/www.ff-waldneukirchen.at\/wp-content\/uploads\/2020\/10\/\u00dcbung-1.jpg\" data-link=\"https:\/\/www.ff-waldneukirchen.at\/?attachment_id=5676\" class=\"wp-image-5676\" srcset=\"https:\/\/www.ff-waldneukirchen.at\/wp-content\/uploads\/2020\/10\/\u00dcbung-1-1024x768.jpg 1024w, https:\/\/www.ff-waldneukirchen.at\/wp-content\/uploads\/2020\/10\/\u00dcbung-1-300x225.jpg 300w, https:\/\/www.ff-waldneukirchen.at\/wp-content\/uploads\/2020\/10\/\u00dcbung-1-768x576.jpg 768w, https:\/\/www.ff-waldneukirchen.at\/wp-content\/uploads\/2020\/10\/\u00dcbung-1-1536x1152.jpg 1536w, https:\/\/www.ff-waldneukirchen.at\/wp-content\/uploads\/2020\/10\/\u00dcbung-1-1870x1403.jpg 1870w, https:\/\/www.ff-waldneukirchen.at\/wp-content\/uploads\/2020\/10\/\u00dcbung-1-400x300.jpg 400w, https:\/\/www.ff-waldneukirchen.at\/wp-content\/uploads\/2020\/10\/\u00dcbung-1-800x600.jpg 800w, https:\/\/www.ff-waldneukirchen.at\/wp-content\/uploads\/2020\/10\/\u00dcbung-1.jpg 2016w\" sizes=\"auto, (max-width: 1024px) 100vw, 1024px\" \/><\/figure><\/li><li class=\"blocks-gallery-item\"><figure><img loading=\"lazy\" decoding=\"async\" width=\"1024\" height=\"768\" data-attachment-id=\"5674\" data-permalink=\"https:\/\/www.ff-waldneukirchen.at\/?attachment_id=5674\" data-orig-file=\"https:\/\/www.ff-waldneukirchen.at\/wp-content\/uploads\/2020\/10\/IMG_8366_Bildgr\u00f6\u00dfe-\u00e4ndern.jpg\" data-orig-size=\"1210,907\" data-comments-opened=\"0\" data-image-meta=\"{&quot;aperture&quot;:&quot;2.2&quot;,&quot;credit&quot;:&quot;&quot;,&quot;camera&quot;:&quot;iPhone SE&quot;,&quot;caption&quot;:&quot;&quot;,&quot;created_timestamp&quot;:&quot;1601931385&quot;,&quot;copyright&quot;:&quot;&quot;,&quot;focal_length&quot;:&quot;4.15&quot;,&quot;iso&quot;:&quot;800&quot;,&quot;shutter_speed&quot;:&quot;0.058823529411765&quot;,&quot;title&quot;:&quot;&quot;,&quot;orientation&quot;:&quot;1&quot;}\" data-image-title=\"IMG_8366_Bildgr\u00f6\u00dfe-\u00e4ndern.JPG\" data-image-description=\"\" data-image-caption=\"\" data-large-file=\"https:\/\/www.ff-waldneukirchen.at\/wp-content\/uploads\/2020\/10\/IMG_8366_Bildgr\u00f6\u00dfe-\u00e4ndern-1024x768.jpg\" src=\"https:\/\/www.ff-waldneukirchen.at\/wp-content\/uploads\/2020\/10\/IMG_8366_Bildgr\u00f6\u00dfe-\u00e4ndern-1024x768.jpg\" alt=\"\" data-id=\"5674\" data-full-url=\"https:\/\/www.ff-waldneukirchen.at\/wp-content\/uploads\/2020\/10\/IMG_8366_Bildgr\u00f6\u00dfe-\u00e4ndern.jpg\" data-link=\"https:\/\/www.ff-waldneukirchen.at\/?attachment_id=5674\" class=\"wp-image-5674\" srcset=\"https:\/\/www.ff-waldneukirchen.at\/wp-content\/uploads\/2020\/10\/IMG_8366_Bildgr\u00f6\u00dfe-\u00e4ndern-1024x768.jpg 1024w, https:\/\/www.ff-waldneukirchen.at\/wp-content\/uploads\/2020\/10\/IMG_8366_Bildgr\u00f6\u00dfe-\u00e4ndern-300x225.jpg 300w, https:\/\/www.ff-waldneukirchen.at\/wp-content\/uploads\/2020\/10\/IMG_8366_Bildgr\u00f6\u00dfe-\u00e4ndern-768x576.jpg 768w, https:\/\/www.ff-waldneukirchen.at\/wp-content\/uploads\/2020\/10\/IMG_8366_Bildgr\u00f6\u00dfe-\u00e4ndern-400x300.jpg 400w, https:\/\/www.ff-waldneukirchen.at\/wp-content\/uploads\/2020\/10\/IMG_8366_Bildgr\u00f6\u00dfe-\u00e4ndern-800x600.jpg 800w, https:\/\/www.ff-waldneukirchen.at\/wp-content\/uploads\/2020\/10\/IMG_8366_Bildgr\u00f6\u00dfe-\u00e4ndern.jpg 1210w\" sizes=\"auto, (max-width: 1024px) 100vw, 1024px\" \/><\/figure><\/li><li class=\"blocks-gallery-item\"><figure><img loading=\"lazy\" decoding=\"async\" width=\"1024\" height=\"768\" data-attachment-id=\"5672\" data-permalink=\"https:\/\/www.ff-waldneukirchen.at\/?attachment_id=5672\" data-orig-file=\"https:\/\/www.ff-waldneukirchen.at\/wp-content\/uploads\/2020\/10\/IMG_8348_Bildgr\u00f6\u00dfe-\u00e4ndern.jpg\" data-orig-size=\"1210,907\" data-comments-opened=\"0\" data-image-meta=\"{&quot;aperture&quot;:&quot;2.2&quot;,&quot;credit&quot;:&quot;&quot;,&quot;camera&quot;:&quot;iPhone SE&quot;,&quot;caption&quot;:&quot;&quot;,&quot;created_timestamp&quot;:&quot;1601926841&quot;,&quot;copyright&quot;:&quot;&quot;,&quot;focal_length&quot;:&quot;4.15&quot;,&quot;iso&quot;:&quot;500&quot;,&quot;shutter_speed&quot;:&quot;0.058823529411765&quot;,&quot;title&quot;:&quot;&quot;,&quot;orientation&quot;:&quot;1&quot;}\" data-image-title=\"IMG_8348_Bildgr\u00f6\u00dfe-\u00e4ndern.JPG\" data-image-description=\"\" data-image-caption=\"\" data-large-file=\"https:\/\/www.ff-waldneukirchen.at\/wp-content\/uploads\/2020\/10\/IMG_8348_Bildgr\u00f6\u00dfe-\u00e4ndern-1024x768.jpg\" src=\"https:\/\/www.ff-waldneukirchen.at\/wp-content\/uploads\/2020\/10\/IMG_8348_Bildgr\u00f6\u00dfe-\u00e4ndern-1024x768.jpg\" alt=\"\" data-id=\"5672\" data-full-url=\"https:\/\/www.ff-waldneukirchen.at\/wp-content\/uploads\/2020\/10\/IMG_8348_Bildgr\u00f6\u00dfe-\u00e4ndern.jpg\" data-link=\"https:\/\/www.ff-waldneukirchen.at\/?attachment_id=5672\" class=\"wp-image-5672\" srcset=\"https:\/\/www.ff-waldneukirchen.at\/wp-content\/uploads\/2020\/10\/IMG_8348_Bildgr\u00f6\u00dfe-\u00e4ndern-1024x768.jpg 1024w, https:\/\/www.ff-waldneukirchen.at\/wp-content\/uploads\/2020\/10\/IMG_8348_Bildgr\u00f6\u00dfe-\u00e4ndern-300x225.jpg 300w, https:\/\/www.ff-waldneukirchen.at\/wp-content\/uploads\/2020\/10\/IMG_8348_Bildgr\u00f6\u00dfe-\u00e4ndern-768x576.jpg 768w, https:\/\/www.ff-waldneukirchen.at\/wp-content\/uploads\/2020\/10\/IMG_8348_Bildgr\u00f6\u00dfe-\u00e4ndern-400x300.jpg 400w, https:\/\/www.ff-waldneukirchen.at\/wp-content\/uploads\/2020\/10\/IMG_8348_Bildgr\u00f6\u00dfe-\u00e4ndern-800x600.jpg 800w, https:\/\/www.ff-waldneukirchen.at\/wp-content\/uploads\/2020\/10\/IMG_8348_Bildgr\u00f6\u00dfe-\u00e4ndern.jpg 1210w\" sizes=\"auto, (max-width: 1024px) 100vw, 1024px\" \/><\/figure><\/li><li class=\"blocks-gallery-item\"><figure><img loading=\"lazy\" decoding=\"async\" width=\"1024\" height=\"768\" data-attachment-id=\"5673\" data-permalink=\"https:\/\/www.ff-waldneukirchen.at\/?attachment_id=5673\" data-orig-file=\"https:\/\/www.ff-waldneukirchen.at\/wp-content\/uploads\/2020\/10\/IMG_8351_Bildgr\u00f6\u00dfe-\u00e4ndern.jpg\" data-orig-size=\"1210,907\" data-comments-opened=\"0\" data-image-meta=\"{&quot;aperture&quot;:&quot;2.2&quot;,&quot;credit&quot;:&quot;&quot;,&quot;camera&quot;:&quot;iPhone SE&quot;,&quot;caption&quot;:&quot;&quot;,&quot;created_timestamp&quot;:&quot;1601927501&quot;,&quot;copyright&quot;:&quot;&quot;,&quot;focal_length&quot;:&quot;4.15&quot;,&quot;iso&quot;:&quot;200&quot;,&quot;shutter_speed&quot;:&quot;0.058823529411765&quot;,&quot;title&quot;:&quot;&quot;,&quot;orientation&quot;:&quot;1&quot;}\" data-image-title=\"IMG_8351_Bildgr\u00f6\u00dfe-\u00e4ndern.JPG\" data-image-description=\"\" data-image-caption=\"\" data-large-file=\"https:\/\/www.ff-waldneukirchen.at\/wp-content\/uploads\/2020\/10\/IMG_8351_Bildgr\u00f6\u00dfe-\u00e4ndern-1024x768.jpg\" src=\"https:\/\/www.ff-waldneukirchen.at\/wp-content\/uploads\/2020\/10\/IMG_8351_Bildgr\u00f6\u00dfe-\u00e4ndern-1024x768.jpg\" alt=\"\" data-id=\"5673\" data-full-url=\"https:\/\/www.ff-waldneukirchen.at\/wp-content\/uploads\/2020\/10\/IMG_8351_Bildgr\u00f6\u00dfe-\u00e4ndern.jpg\" data-link=\"https:\/\/www.ff-waldneukirchen.at\/?attachment_id=5673\" class=\"wp-image-5673\" srcset=\"https:\/\/www.ff-waldneukirchen.at\/wp-content\/uploads\/2020\/10\/IMG_8351_Bildgr\u00f6\u00dfe-\u00e4ndern-1024x768.jpg 1024w, https:\/\/www.ff-waldneukirchen.at\/wp-content\/uploads\/2020\/10\/IMG_8351_Bildgr\u00f6\u00dfe-\u00e4ndern-300x225.jpg 300w, https:\/\/www.ff-waldneukirchen.at\/wp-content\/uploads\/2020\/10\/IMG_8351_Bildgr\u00f6\u00dfe-\u00e4ndern-768x576.jpg 768w, https:\/\/www.ff-waldneukirchen.at\/wp-content\/uploads\/2020\/10\/IMG_8351_Bildgr\u00f6\u00dfe-\u00e4ndern-400x300.jpg 400w, https:\/\/www.ff-waldneukirchen.at\/wp-content\/uploads\/2020\/10\/IMG_8351_Bildgr\u00f6\u00dfe-\u00e4ndern-800x600.jpg 800w, https:\/\/www.ff-waldneukirchen.at\/wp-content\/uploads\/2020\/10\/IMG_8351_Bildgr\u00f6\u00dfe-\u00e4ndern.jpg 1210w\" sizes=\"auto, (max-width: 1024px) 100vw, 1024px\" \/><\/figure><\/li><li class=\"blocks-gallery-item\"><figure><img loading=\"lazy\" decoding=\"async\" width=\"1024\" height=\"768\" data-attachment-id=\"5671\" data-permalink=\"https:\/\/www.ff-waldneukirchen.at\/?attachment_id=5671\" data-orig-file=\"https:\/\/www.ff-waldneukirchen.at\/wp-content\/uploads\/2020\/10\/\u00dcbung-3.jpg\" data-orig-size=\"2016,1512\" data-comments-opened=\"0\" data-image-meta=\"{&quot;aperture&quot;:&quot;0&quot;,&quot;credit&quot;:&quot;&quot;,&quot;camera&quot;:&quot;&quot;,&quot;caption&quot;:&quot;&quot;,&quot;created_timestamp&quot;:&quot;0&quot;,&quot;copyright&quot;:&quot;&quot;,&quot;focal_length&quot;:&quot;0&quot;,&quot;iso&quot;:&quot;0&quot;,&quot;shutter_speed&quot;:&quot;0&quot;,&quot;title&quot;:&quot;&quot;,&quot;orientation&quot;:&quot;0&quot;}\" data-image-title=\"\u00dcbung-3.jpg\" data-image-description=\"\" data-image-caption=\"\" data-large-file=\"https:\/\/www.ff-waldneukirchen.at\/wp-content\/uploads\/2020\/10\/\u00dcbung-3-1024x768.jpg\" src=\"https:\/\/www.ff-waldneukirchen.at\/wp-content\/uploads\/2020\/10\/\u00dcbung-3-1024x768.jpg\" alt=\"\" data-id=\"5671\" data-full-url=\"https:\/\/www.ff-waldneukirchen.at\/wp-content\/uploads\/2020\/10\/\u00dcbung-3.jpg\" data-link=\"https:\/\/www.ff-waldneukirchen.at\/?attachment_id=5671\" class=\"wp-image-5671 is-layout-flex wp-block-gallery-is-layout-flex\" srcset=\"https:\/\/www.ff-waldneukirchen.at\/wp-content\/uploads\/2020\/10\/\u00dcbung-3-1024x768.jpg 1024w, https:\/\/www.ff-waldneukirchen.at\/wp-content\/uploads\/2020\/10\/\u00dcbung-3-300x225.jpg 300w, https:\/\/www.ff-waldneukirchen.at\/wp-content\/uploads\/2020\/10\/\u00dcbung-3-768x576.jpg 768w, https:\/\/www.ff-waldneukirchen.at\/wp-content\/uploads\/2020\/10\/\u00dcbung-3-1536x1152.jpg 1536w, https:\/\/www.ff-waldneukirchen.at\/wp-content\/uploads\/2020\/10\/\u00dcbung-3-1870x1403.jpg 1870w, https:\/\/www.ff-waldneukirchen.at\/wp-content\/uploads\/2020\/10\/\u00dcbung-3-400x300.jpg 400w, https:\/\/www.ff-waldneukirchen.at\/wp-content\/uploads\/2020\/10\/\u00dcbung-3-800x600.jpg 800w, https:\/\/www.ff-waldneukirchen.at\/wp-content\/uploads\/2020\/10\/\u00dcbung-3.jpg 2016w\" sizes=\"auto, (max-width: 1024px) 100vw, 1024px\" \/><\/figure><\/li><\/ul><\/figure>\n","protected":false},"excerpt":{"rendered":"<p>Die diesj\u00e4hrige Herbst\u00fcbung des Abschnitts Bad Hall wurde heuer in Waldneukirchen durchgef\u00fchrt. Als \u00dcbungsobjekt diente die Fa. Coronet Austria welche am ehemaligen Gel\u00e4nde des Ziegelwerk Mayrhofer ein umfangreiches Lager samt B\u00fcrotrakt betreibt. \u00a0\u00dcbungsannahme war ein Brandausbruch in einem Teil des weitl\u00e4ufigen Geb\u00e4udekomplexes. Der dabei entstehende Rauch hatte sich auf weite Bereiche der Lagerhallen ausgebreitet. Es [&hellip;]<\/p>\n","protected":false},"author":3,"featured_media":5671,"comment_status":"closed","ping_status":"open","sticky":false,"template":"","format":"standard","meta":{"advgb_blocks_editor_width":"","advgb_blocks_columns_visual_guide":"","advanced_seo_description":"","jetpack_seo_html_title":"","jetpack_seo_noindex":false,"_jetpack_memberships_contains_paid_content":false,"footnotes":"","jetpack_publicize_message":"","jetpack_publicize_feature_enabled":true,"jetpack_social_post_already_shared":true,"jetpack_social_options":{"image_generator_settings":{"template":"highway","default_image_id":0,"font":"","enabled":false},"version":2}},"categories":[2],"tags":[],"class_list":["post-5670","post","type-post","status-publish","format-standard","has-post-thumbnail","hentry","category-aktuell","has-thumbnail"],"author_meta":{"display_name":"Christian Mandorfer","author_link":"https:\/\/www.ff-waldneukirchen.at\/?author=3"},"featured_img":"https:\/\/www.ff-waldneukirchen.at\/wp-content\/uploads\/2020\/10\/\u00dcbung-3-300x225.jpg","jetpack_publicize_connections":[],"jetpack_featured_media_url":"https:\/\/www.ff-waldneukirchen.at\/wp-content\/uploads\/2020\/10\/\u00dcbung-3.jpg","coauthors":[],"tax_additional":{"categories":{"linked":["<a href=\"https:\/\/www.ff-waldneukirchen.at\/?cat=2\" class=\"advgb-post-tax-term\">Aktuell<\/a>"],"unlinked":["<span class=\"advgb-post-tax-term\">Aktuell<\/span>"]}},"comment_count":"0","relative_dates":{"created":"Ver\u00f6ffentlicht 6\u00a0Jahren vor","modified":"Aktualisiert 6\u00a0Jahren vor"},"absolute_dates":{"created":"Ver\u00f6ffentlicht am 06\/10\/2020","modified":"Aktualisiert am 06\/10\/2020"},"absolute_dates_time":{"created":"Ver\u00f6ffentlicht am 06\/10\/2020 13:21","modified":"Aktualisiert am 06\/10\/2020 13:48"},"featured_img_caption":"","series_order":"","jetpack_sharing_enabled":true,"_links":{"self":[{"href":"https:\/\/www.ff-waldneukirchen.at\/index.php?rest_route=\/wp\/v2\/posts\/5670","targetHints":{"allow":["GET"]}}],"collection":[{"href":"https:\/\/www.ff-waldneukirchen.at\/index.php?rest_route=\/wp\/v2\/posts"}],"about":[{"href":"https:\/\/www.ff-waldneukirchen.at\/index.php?rest_route=\/wp\/v2\/types\/post"}],"author":[{"embeddable":true,"href":"https:\/\/www.ff-waldneukirchen.at\/index.php?rest_route=\/wp\/v2\/users\/3"}],"replies":[{"embeddable":true,"href":"https:\/\/www.ff-waldneukirchen.at\/index.php?rest_route=%2Fwp%2Fv2%2Fcomments&post=5670"}],"version-history":[{"count":0,"href":"https:\/\/www.ff-waldneukirchen.at\/index.php?rest_route=\/wp\/v2\/posts\/5670\/revisions"}],"wp:featuredmedia":[{"embeddable":true,"href":"https:\/\/www.ff-waldneukirchen.at\/index.php?rest_route=\/wp\/v2\/media\/5671"}],"wp:attachment":[{"href":"https:\/\/www.ff-waldneukirchen.at\/index.php?rest_route=%2Fwp%2Fv2%2Fmedia&parent=5670"}],"wp:term":[{"taxonomy":"category","embeddable":true,"href":"https:\/\/www.ff-waldneukirchen.at\/index.php?rest_route=%2Fwp%2Fv2%2Fcategories&post=5670"},{"taxonomy":"post_tag","embeddable":true,"href":"https:\/\/www.ff-waldneukirchen.at\/index.php?rest_route=%2Fwp%2Fv2%2Ftags&post=5670"}],"curies":[{"name":"wp","href":"https:\/\/api.w.org\/{rel}","templated":true}]}}