{"id":5685,"date":"2020-10-14T20:48:39","date_gmt":"2020-10-14T19:48:39","guid":{"rendered":"https:\/\/www.ff-waldneukirchen.at\/?p=5685"},"modified":"2024-09-20T10:34:26","modified_gmt":"2024-09-20T09:34:26","slug":"gasleitung-bei-bauarbeiten-beschaedigt","status":"publish","type":"post","link":"https:\/\/www.ff-waldneukirchen.at\/?p=5685","title":{"rendered":"Gasleitung bei Bauarbeiten besch\u00e4digt"},"content":{"rendered":"<div>\n<div class=\"WordSection1\">\n<p class=\"MsoNormal\" style=\"mso-margin-top-alt:auto;mso-margin-bottom-alt:auto;line-height:normal\">  <span style=\"font-size:12.0pt;font-family:\" times=\"\" new=\"\" roman\",serif;mso-fareast-language:de\"=\"\">Bei Grabungsarbeiten f\u00fcr die Wasserversorgungsleitung wurde heute Nachmittag auf der Bad Haller Stra\u00dfe im Bereich der Firma Panwinkler die Gashauptleitung angebohrt \u2013   die Folge war ein massiver, weithin h\u00f6r- und riechbarer Gasaustritt!<o:p><\/o:p><\/span><\/p>\n<p class=\"MsoNormal\" style=\"margin-bottom:0cm;margin-bottom:.0001pt;line-height:normal\">  <span style=\"font-size:12.0pt;font-family:\" times=\"\" new=\"\" roman\",serif;mso-fareast-language:de\"=\"\">Nach der Alarmierung wurde sofort mit der gro\u00dfr\u00e4umigen Absperrung begonnen \u2013 neben gro\u00dfr\u00e4umigen Stra\u00dfensperren wurden auch ca. 30 Geb\u00e4ude evakuiert und das Forum kurzfristig   zum Sammelplatz umfunktioniert.<o:p><\/o:p><\/span><\/p>\n<p class=\"MsoNormal\" style=\"margin-bottom:0cm;margin-bottom:.0001pt;line-height:normal\">  <span style=\"font-size:12.0pt;font-family:\" times=\"\" new=\"\" roman\",serif;mso-fareast-language:de\"=\"\">Der Gasleitung wurde abgedreht, ebenso der Strom im gesamten Ortsgebiet. Nach ca. 2 Stunden konnte die Gefahr soweit gebannt werden, dass die Bewohner nach einem \u201eFreimessen&#8220;   wieder in ihre H\u00e4user zur\u00fcckkehren konnten, auch die Stromversorgung wurde wieder hergestellt.<o:p><\/o:p><\/span><\/p>\n<p class=\"MsoNormal\" style=\"mso-margin-top-alt:auto;mso-margin-bottom-alt:auto;line-height:normal\">  <span style=\"font-size:12.0pt;font-family:\" times=\"\" new=\"\" roman\",serif;mso-fareast-language:de\"=\"\">Die Schadstelle wurde noch in der Nacht repariert.<o:p><\/o:p><\/span><\/p>\n<p class=\"MsoNormal\" style=\"mso-margin-top-alt:auto;mso-margin-bottom-alt:auto;line-height:normal\">  <span style=\"font-size:12.0pt;font-family:\" times=\"\" new=\"\" roman\",serif;mso-fareast-language:de\"=\"\">Im Einsatz waren 38 Mann der Feuerwehren Waldneukirchen, Steinersdorf und St. Nikola, sowie der Bezirksfeuerwehrkommandant und der Gasbetreiber Netz O\u00d6  <o:p><\/o:p><\/span><\/p>\n<p class=\"MsoNormal\" style=\"mso-margin-top-alt:auto;margin-bottom:0cm;margin-bottom:.0001pt;line-height:normal\">  <span style=\"font-size:12.0pt;font-family:\" times=\"\" new=\"\" roman\",serif;mso-fareast-language:de\"=\"\">Weitere Infos finden Sie unter:<o:p><\/o:p><\/span><\/p>\n<p class=\"MsoNormal\" style=\"margin-bottom:0cm;margin-bottom:.0001pt;line-height:normal\">  <span style=\"font-size:12.0pt;font-family:\" times=\"\" new=\"\" roman\",serif;mso-fareast-language:de\"=\"\"><a href=\"https:\/\/www.laumat.at\/medienbericht,gashauptleitung-angebohrt-personen-aus-rund-30-gebaeuden-in-waldneukirchen-evakuiert,20601.html\">Laumat<\/a><o:p><\/o:p><\/span><\/p>\n<p class=\"MsoNormal\" style=\"margin-bottom:0cm;margin-bottom:.0001pt;line-height:normal\">  <span style=\"font-size:12.0pt;font-family:\" times=\"\" new=\"\" roman\",serif;mso-fareast-language:de\"=\"\"><a href=\"https:\/\/www.fotokerschi.at\/blog\/mitteldruckgasleitung-bei-bauarbeiten-beschaedigt\/\">Foto Kerschi<\/a><o:p><\/o:p><\/span><\/p>\n<p class=\"MsoNormal\"><o:p>&nbsp;<\/o:p><\/p>\n<p><\/p>\n<\/div>\n<\/div>\n\n\n<figure class=\"wp-block-gallery columns-3 is-cropped wp-block-gallery-1\"><ul class=\"blocks-gallery-grid\"><li class=\"blocks-gallery-item\"><figure><img loading=\"lazy\" decoding=\"async\" width=\"1024\" height=\"768\" data-attachment-id=\"5689\" data-permalink=\"https:\/\/www.ff-waldneukirchen.at\/?attachment_id=5689\" data-orig-file=\"https:\/\/www.ff-waldneukirchen.at\/wp-content\/uploads\/2020\/10\/IMG4.jpg\" data-orig-size=\"2016,1512\" data-comments-opened=\"0\" data-image-meta=\"{&quot;aperture&quot;:&quot;1.8&quot;,&quot;credit&quot;:&quot;&quot;,&quot;camera&quot;:&quot;iPhone 8&quot;,&quot;caption&quot;:&quot;&quot;,&quot;created_timestamp&quot;:&quot;1602698953&quot;,&quot;copyright&quot;:&quot;&quot;,&quot;focal_length&quot;:&quot;3.99&quot;,&quot;iso&quot;:&quot;100&quot;,&quot;shutter_speed&quot;:&quot;0.066666666666667&quot;,&quot;title&quot;:&quot;&quot;,&quot;orientation&quot;:&quot;1&quot;}\" data-image-title=\"IMG4.JPG\" data-image-description=\"\" data-image-caption=\"\" data-large-file=\"https:\/\/www.ff-waldneukirchen.at\/wp-content\/uploads\/2020\/10\/IMG4-1024x768.jpg\" src=\"https:\/\/www.ff-waldneukirchen.at\/wp-content\/uploads\/2020\/10\/IMG4-1024x768.jpg\" alt=\"\" data-id=\"5689\" data-link=\"https:\/\/www.ff-waldneukirchen.at\/?attachment_id=5689\" class=\"wp-image-5689\" srcset=\"https:\/\/www.ff-waldneukirchen.at\/wp-content\/uploads\/2020\/10\/IMG4-1024x768.jpg 1024w, https:\/\/www.ff-waldneukirchen.at\/wp-content\/uploads\/2020\/10\/IMG4-300x225.jpg 300w, https:\/\/www.ff-waldneukirchen.at\/wp-content\/uploads\/2020\/10\/IMG4-768x576.jpg 768w, https:\/\/www.ff-waldneukirchen.at\/wp-content\/uploads\/2020\/10\/IMG4-1536x1152.jpg 1536w, https:\/\/www.ff-waldneukirchen.at\/wp-content\/uploads\/2020\/10\/IMG4-1870x1403.jpg 1870w, https:\/\/www.ff-waldneukirchen.at\/wp-content\/uploads\/2020\/10\/IMG4-400x300.jpg 400w, https:\/\/www.ff-waldneukirchen.at\/wp-content\/uploads\/2020\/10\/IMG4-800x600.jpg 800w, https:\/\/www.ff-waldneukirchen.at\/wp-content\/uploads\/2020\/10\/IMG4.jpg 2016w\" sizes=\"auto, (max-width: 1024px) 100vw, 1024px\" \/><\/figure><\/li><li class=\"blocks-gallery-item\"><figure><img loading=\"lazy\" decoding=\"async\" width=\"1024\" height=\"768\" data-attachment-id=\"5688\" data-permalink=\"https:\/\/www.ff-waldneukirchen.at\/?attachment_id=5688\" data-orig-file=\"https:\/\/www.ff-waldneukirchen.at\/wp-content\/uploads\/2020\/10\/img3-scaled.jpg\" data-orig-size=\"2560,1920\" data-comments-opened=\"0\" data-image-meta=\"{&quot;aperture&quot;:&quot;1.7&quot;,&quot;credit&quot;:&quot;&quot;,&quot;camera&quot;:&quot;SM-A750FN&quot;,&quot;caption&quot;:&quot;&quot;,&quot;created_timestamp&quot;:&quot;1602701331&quot;,&quot;copyright&quot;:&quot;&quot;,&quot;focal_length&quot;:&quot;3.93&quot;,&quot;iso&quot;:&quot;200&quot;,&quot;shutter_speed&quot;:&quot;0.04&quot;,&quot;title&quot;:&quot;&quot;,&quot;orientation&quot;:&quot;1&quot;}\" data-image-title=\"img3.jpg\" data-image-description=\"\" data-image-caption=\"\" data-large-file=\"https:\/\/www.ff-waldneukirchen.at\/wp-content\/uploads\/2020\/10\/img3-1024x768.jpg\" src=\"https:\/\/www.ff-waldneukirchen.at\/wp-content\/uploads\/2020\/10\/img3-1024x768.jpg\" alt=\"\" data-id=\"5688\" data-link=\"https:\/\/www.ff-waldneukirchen.at\/?attachment_id=5688\" class=\"wp-image-5688\" srcset=\"https:\/\/www.ff-waldneukirchen.at\/wp-content\/uploads\/2020\/10\/img3-1024x768.jpg 1024w, https:\/\/www.ff-waldneukirchen.at\/wp-content\/uploads\/2020\/10\/img3-300x225.jpg 300w, https:\/\/www.ff-waldneukirchen.at\/wp-content\/uploads\/2020\/10\/img3-768x576.jpg 768w, https:\/\/www.ff-waldneukirchen.at\/wp-content\/uploads\/2020\/10\/img3-1536x1152.jpg 1536w, https:\/\/www.ff-waldneukirchen.at\/wp-content\/uploads\/2020\/10\/img3-2048x1536.jpg 2048w, https:\/\/www.ff-waldneukirchen.at\/wp-content\/uploads\/2020\/10\/img3-1870x1403.jpg 1870w, https:\/\/www.ff-waldneukirchen.at\/wp-content\/uploads\/2020\/10\/img3-400x300.jpg 400w, https:\/\/www.ff-waldneukirchen.at\/wp-content\/uploads\/2020\/10\/img3-800x600.jpg 800w\" sizes=\"auto, (max-width: 1024px) 100vw, 1024px\" \/><\/figure><\/li><li class=\"blocks-gallery-item\"><figure><img loading=\"lazy\" decoding=\"async\" width=\"1024\" height=\"768\" data-attachment-id=\"5687\" data-permalink=\"https:\/\/www.ff-waldneukirchen.at\/?attachment_id=5687\" data-orig-file=\"https:\/\/www.ff-waldneukirchen.at\/wp-content\/uploads\/2020\/10\/img2-scaled.jpg\" data-orig-size=\"2560,1920\" data-comments-opened=\"0\" data-image-meta=\"{&quot;aperture&quot;:&quot;1.7&quot;,&quot;credit&quot;:&quot;&quot;,&quot;camera&quot;:&quot;SM-A750FN&quot;,&quot;caption&quot;:&quot;&quot;,&quot;created_timestamp&quot;:&quot;1602705581&quot;,&quot;copyright&quot;:&quot;&quot;,&quot;focal_length&quot;:&quot;3.93&quot;,&quot;iso&quot;:&quot;500&quot;,&quot;shutter_speed&quot;:&quot;0.05&quot;,&quot;title&quot;:&quot;&quot;,&quot;orientation&quot;:&quot;1&quot;}\" data-image-title=\"img2.jpg\" data-image-description=\"\" data-image-caption=\"\" data-large-file=\"https:\/\/www.ff-waldneukirchen.at\/wp-content\/uploads\/2020\/10\/img2-1024x768.jpg\" src=\"https:\/\/www.ff-waldneukirchen.at\/wp-content\/uploads\/2020\/10\/img2-1024x768.jpg\" alt=\"\" data-id=\"5687\" data-link=\"https:\/\/www.ff-waldneukirchen.at\/?attachment_id=5687\" class=\"wp-image-5687\" srcset=\"https:\/\/www.ff-waldneukirchen.at\/wp-content\/uploads\/2020\/10\/img2-1024x768.jpg 1024w, https:\/\/www.ff-waldneukirchen.at\/wp-content\/uploads\/2020\/10\/img2-300x225.jpg 300w, https:\/\/www.ff-waldneukirchen.at\/wp-content\/uploads\/2020\/10\/img2-768x576.jpg 768w, https:\/\/www.ff-waldneukirchen.at\/wp-content\/uploads\/2020\/10\/img2-1536x1152.jpg 1536w, https:\/\/www.ff-waldneukirchen.at\/wp-content\/uploads\/2020\/10\/img2-2048x1536.jpg 2048w, https:\/\/www.ff-waldneukirchen.at\/wp-content\/uploads\/2020\/10\/img2-1870x1403.jpg 1870w, https:\/\/www.ff-waldneukirchen.at\/wp-content\/uploads\/2020\/10\/img2-400x300.jpg 400w, https:\/\/www.ff-waldneukirchen.at\/wp-content\/uploads\/2020\/10\/img2-800x600.jpg 800w\" sizes=\"auto, (max-width: 1024px) 100vw, 1024px\" \/><\/figure><\/li><li class=\"blocks-gallery-item\"><figure><img loading=\"lazy\" decoding=\"async\" width=\"1024\" height=\"768\" data-attachment-id=\"5686\" data-permalink=\"https:\/\/www.ff-waldneukirchen.at\/?attachment_id=5686\" data-orig-file=\"https:\/\/www.ff-waldneukirchen.at\/wp-content\/uploads\/2020\/10\/IMG1.jpg\" data-orig-size=\"2016,1512\" data-comments-opened=\"0\" data-image-meta=\"{&quot;aperture&quot;:&quot;1.8&quot;,&quot;credit&quot;:&quot;&quot;,&quot;camera&quot;:&quot;iPhone 8&quot;,&quot;caption&quot;:&quot;&quot;,&quot;created_timestamp&quot;:&quot;1602697067&quot;,&quot;copyright&quot;:&quot;&quot;,&quot;focal_length&quot;:&quot;3.99&quot;,&quot;iso&quot;:&quot;32&quot;,&quot;shutter_speed&quot;:&quot;0.0083333333333333&quot;,&quot;title&quot;:&quot;&quot;,&quot;orientation&quot;:&quot;1&quot;}\" data-image-title=\"IMG1.JPG\" data-image-description=\"\" data-image-caption=\"\" data-large-file=\"https:\/\/www.ff-waldneukirchen.at\/wp-content\/uploads\/2020\/10\/IMG1-1024x768.jpg\" src=\"https:\/\/www.ff-waldneukirchen.at\/wp-content\/uploads\/2020\/10\/IMG1-1024x768.jpg\" alt=\"\" data-id=\"5686\" data-link=\"https:\/\/www.ff-waldneukirchen.at\/?attachment_id=5686\" class=\"wp-image-5686\" srcset=\"https:\/\/www.ff-waldneukirchen.at\/wp-content\/uploads\/2020\/10\/IMG1-1024x768.jpg 1024w, https:\/\/www.ff-waldneukirchen.at\/wp-content\/uploads\/2020\/10\/IMG1-300x225.jpg 300w, https:\/\/www.ff-waldneukirchen.at\/wp-content\/uploads\/2020\/10\/IMG1-768x576.jpg 768w, https:\/\/www.ff-waldneukirchen.at\/wp-content\/uploads\/2020\/10\/IMG1-1536x1152.jpg 1536w, https:\/\/www.ff-waldneukirchen.at\/wp-content\/uploads\/2020\/10\/IMG1-1870x1403.jpg 1870w, https:\/\/www.ff-waldneukirchen.at\/wp-content\/uploads\/2020\/10\/IMG1-400x300.jpg 400w, https:\/\/www.ff-waldneukirchen.at\/wp-content\/uploads\/2020\/10\/IMG1-800x600.jpg 800w, https:\/\/www.ff-waldneukirchen.at\/wp-content\/uploads\/2020\/10\/IMG1.jpg 2016w\" sizes=\"auto, (max-width: 1024px) 100vw, 1024px\" \/><\/figure><\/li><li class=\"blocks-gallery-item\"><figure><img loading=\"lazy\" decoding=\"async\" width=\"1024\" height=\"768\" data-attachment-id=\"5692\" data-permalink=\"https:\/\/www.ff-waldneukirchen.at\/?attachment_id=5692\" data-orig-file=\"https:\/\/www.ff-waldneukirchen.at\/wp-content\/uploads\/2020\/10\/image1-scaled.jpeg\" data-orig-size=\"2560,1920\" data-comments-opened=\"0\" data-image-meta=\"{&quot;aperture&quot;:&quot;2.2&quot;,&quot;credit&quot;:&quot;&quot;,&quot;camera&quot;:&quot;iPhone SE (1st generation)&quot;,&quot;caption&quot;:&quot;&quot;,&quot;created_timestamp&quot;:&quot;1602699778&quot;,&quot;copyright&quot;:&quot;&quot;,&quot;focal_length&quot;:&quot;4.15&quot;,&quot;iso&quot;:&quot;2000&quot;,&quot;shutter_speed&quot;:&quot;0.058823529411765&quot;,&quot;title&quot;:&quot;&quot;,&quot;orientation&quot;:&quot;1&quot;}\" data-image-title=\"image1\" data-image-description=\"\" data-image-caption=\"\" data-large-file=\"https:\/\/www.ff-waldneukirchen.at\/wp-content\/uploads\/2020\/10\/image1-1024x768.jpeg\" src=\"https:\/\/www.ff-waldneukirchen.at\/wp-content\/uploads\/2020\/10\/image1-1024x768.jpeg\" alt=\"\" data-id=\"5692\" data-full-url=\"https:\/\/www.ff-waldneukirchen.at\/wp-content\/uploads\/2020\/10\/image1-scaled.jpeg\" data-link=\"https:\/\/www.ff-waldneukirchen.at\/?attachment_id=5692\" class=\"wp-image-5692 is-layout-flex wp-block-gallery-is-layout-flex\" srcset=\"https:\/\/www.ff-waldneukirchen.at\/wp-content\/uploads\/2020\/10\/image1-1024x768.jpeg 1024w, https:\/\/www.ff-waldneukirchen.at\/wp-content\/uploads\/2020\/10\/image1-300x225.jpeg 300w, https:\/\/www.ff-waldneukirchen.at\/wp-content\/uploads\/2020\/10\/image1-768x576.jpeg 768w, https:\/\/www.ff-waldneukirchen.at\/wp-content\/uploads\/2020\/10\/image1-1536x1152.jpeg 1536w, https:\/\/www.ff-waldneukirchen.at\/wp-content\/uploads\/2020\/10\/image1-2048x1536.jpeg 2048w, https:\/\/www.ff-waldneukirchen.at\/wp-content\/uploads\/2020\/10\/image1-1870x1403.jpeg 1870w, https:\/\/www.ff-waldneukirchen.at\/wp-content\/uploads\/2020\/10\/image1-400x300.jpeg 400w, https:\/\/www.ff-waldneukirchen.at\/wp-content\/uploads\/2020\/10\/image1-800x600.jpeg 800w\" sizes=\"auto, (max-width: 1024px) 100vw, 1024px\" \/><\/figure><\/li><\/ul><\/figure>\n","protected":false},"excerpt":{"rendered":"<p>Bei Grabungsarbeiten f\u00fcr die Wasserversorgungsleitung wurde heute Nachmittag auf der Bad Haller Stra\u00dfe im Bereich der Firma Panwinkler die Gashauptleitung angebohrt \u2013 die Folge war ein massiver, weithin h\u00f6r- und riechbarer Gasaustritt! Nach der Alarmierung wurde sofort mit der gro\u00dfr\u00e4umigen Absperrung begonnen \u2013 neben gro\u00dfr\u00e4umigen Stra\u00dfensperren wurden auch ca. 30 Geb\u00e4ude evakuiert und das Forum [&hellip;]<\/p>\n","protected":false},"author":1,"featured_media":5686,"comment_status":"closed","ping_status":"open","sticky":false,"template":"","format":"standard","meta":{"advgb_blocks_editor_width":"","advgb_blocks_columns_visual_guide":"","advanced_seo_description":"","jetpack_seo_html_title":"","jetpack_seo_noindex":false,"_jetpack_memberships_contains_paid_content":false,"footnotes":"","jetpack_publicize_message":"","jetpack_publicize_feature_enabled":true,"jetpack_social_post_already_shared":true,"jetpack_social_options":{"image_generator_settings":{"template":"highway","default_image_id":0,"font":"","enabled":false},"version":2}},"categories":[4],"tags":[],"class_list":["post-5685","post","type-post","status-publish","format-standard","has-post-thumbnail","hentry","category-einsatze","has-thumbnail"],"author_meta":{"display_name":"Christoph Geyer","author_link":"https:\/\/www.ff-waldneukirchen.at\/?author=1"},"featured_img":"https:\/\/www.ff-waldneukirchen.at\/wp-content\/uploads\/2020\/10\/IMG1-300x225.jpg","jetpack_publicize_connections":[],"jetpack_featured_media_url":"https:\/\/www.ff-waldneukirchen.at\/wp-content\/uploads\/2020\/10\/IMG1.jpg","coauthors":[],"tax_additional":{"categories":{"linked":["<a href=\"https:\/\/www.ff-waldneukirchen.at\/?cat=4\" class=\"advgb-post-tax-term\">Eins\u00e4tze<\/a>"],"unlinked":["<span class=\"advgb-post-tax-term\">Eins\u00e4tze<\/span>"]}},"comment_count":"0","relative_dates":{"created":"Ver\u00f6ffentlicht 6\u00a0Jahren vor","modified":"Aktualisiert 2\u00a0Jahren vor"},"absolute_dates":{"created":"Ver\u00f6ffentlicht am 14\/10\/2020","modified":"Aktualisiert am 20\/09\/2024"},"absolute_dates_time":{"created":"Ver\u00f6ffentlicht am 14\/10\/2020 20:48","modified":"Aktualisiert am 20\/09\/2024 10:34"},"featured_img_caption":"","series_order":"","jetpack_sharing_enabled":true,"_links":{"self":[{"href":"https:\/\/www.ff-waldneukirchen.at\/index.php?rest_route=\/wp\/v2\/posts\/5685","targetHints":{"allow":["GET"]}}],"collection":[{"href":"https:\/\/www.ff-waldneukirchen.at\/index.php?rest_route=\/wp\/v2\/posts"}],"about":[{"href":"https:\/\/www.ff-waldneukirchen.at\/index.php?rest_route=\/wp\/v2\/types\/post"}],"author":[{"embeddable":true,"href":"https:\/\/www.ff-waldneukirchen.at\/index.php?rest_route=\/wp\/v2\/users\/1"}],"replies":[{"embeddable":true,"href":"https:\/\/www.ff-waldneukirchen.at\/index.php?rest_route=%2Fwp%2Fv2%2Fcomments&post=5685"}],"version-history":[{"count":0,"href":"https:\/\/www.ff-waldneukirchen.at\/index.php?rest_route=\/wp\/v2\/posts\/5685\/revisions"}],"wp:featuredmedia":[{"embeddable":true,"href":"https:\/\/www.ff-waldneukirchen.at\/index.php?rest_route=\/wp\/v2\/media\/5686"}],"wp:attachment":[{"href":"https:\/\/www.ff-waldneukirchen.at\/index.php?rest_route=%2Fwp%2Fv2%2Fmedia&parent=5685"}],"wp:term":[{"taxonomy":"category","embeddable":true,"href":"https:\/\/www.ff-waldneukirchen.at\/index.php?rest_route=%2Fwp%2Fv2%2Fcategories&post=5685"},{"taxonomy":"post_tag","embeddable":true,"href":"https:\/\/www.ff-waldneukirchen.at\/index.php?rest_route=%2Fwp%2Fv2%2Ftags&post=5685"}],"curies":[{"name":"wp","href":"https:\/\/api.w.org\/{rel}","templated":true}]}}