{"id":8115,"date":"2022-08-29T19:55:25","date_gmt":"2022-08-29T18:55:25","guid":{"rendered":"https:\/\/www.ff-waldneukirchen.at\/?p=8115"},"modified":"2024-09-20T06:01:13","modified_gmt":"2024-09-20T05:01:13","slug":"erstmaliger-3-platz-beim-bundesfeuerwehr-leistungsbewerb","status":"publish","type":"post","link":"https:\/\/www.ff-waldneukirchen.at\/?p=8115","title":{"rendered":"Erstmaliger 3. Platz beim Bundesfeuerwehr-Leistungsbewerb"},"content":{"rendered":"\n<p class=\"has-text-align-left\"><b>Am 27. August 2022 in St. P\u00f6lten errang unsere Bewerbsgruppe 1 (BG1) den sensationellen 3. Platz!<\/b><\/p>\n\n\n\n<p>F\u00fcr den diesj\u00e4hrigen Bundesfeuerwehr-<wbr>Leistungsbewerb qualifizierte sich unsere BG1 2018 und 2019 \u00fcber die jeweiligen Landesbewerbe als Gesamt 10. in der Silberwertung unseres Bundeslandes.<\/p>\n\n\n\n<!--more-->\n\n\n\n<p>Der Landesbewerb 2022 war dann der Wendepunkt f\u00fcr die heurigen ern\u00fcchternden Leistungen, als sie den 7. Platz in Silber von insgesamt \u00fcber 300 Gruppen erreichten. Von nun an hie\u00df es f\u00fcr unsere Burschen alles zu geben, denn nach ihrer ersten Teilnahme am Bundesbewerb 2012 in Linz (Platz 16) stand nun der 2. Antritt vor der T\u00fcr!<\/p>\n\n\n\n<p>Sechs intensive Trainingswochen kamen auf das 11-k\u00f6pfige Team zu. Ziel war es innerhalb dieser kurzen Zeit unsere Bewerbsgruppe, bestehend aus den Routiniers (Franz Ganglbauer, Christian Mandorfer, Michael Mayer, Sebastian Mandorfer, Mathias Voscak, Armin Holzer, Stefan Holzinger und Franz Zwicklhuber) und den Rookies (Jannik Heinzelreiter, Fabian Gro\u00dfauer und Roland Pr\u00f6schl) physisch, technisch als auch mental auf das gro\u00dfe Event bestm\u00f6glich vorzubereiten. Mehrmals die Woche trafen sie sich f\u00fcr Technik\u00fcbungen, Staffel- und Sprinttrainings. Zwischendurch mussten sie R\u00fcckschl\u00e4ge aufgrund diverser Verletzungen von Muskelverh\u00e4rtungen, Rissen und Zerrungen einstecken. War die Mannschaft bis dahin wieder fit und vollz\u00e4hlig\u2026.?<\/p>\n\n\n\n<p>Nun war das entscheidende Bundesbewerbs-Wochenende gekommen und das Team konnte sich wieder fit dieser besonderen Herausforderung stellen. Mit der Unterst\u00fctzung von einer lautstarken Fangruppe standen unsere M\u00e4nner gegen 15:30 Uhr voller Adrenalin auf der Bewerbsbahn und zeigten sich von ihrer besten Seite. Mit einem tadellosen L\u00f6schangriff von 34,44 Sekunden, die zugleich die Tagesbestzeit in Silber unter 114 Bewerbsgruppen war und einem sicheren Staffellauf von 51,54 Sekunden verfehlten sie um nur 3 Hundertstel den Vizebundesmeistertitel.<\/p>\n\n\n\n<p>Der Erfolg wurde mit unseren Fans und anderen Bewerbsgruppen ausgiebig bei DJ \u00d6tzi &amp; Co gefeiert und unsere Wehr wurde am n\u00e4chsten Tag bei der Siegerehrung geb\u00fchrend ausgezeichnet.<\/p>\n\n\n\n<p>Bedanken d\u00fcrfen wir uns auch bei den Sponsoren der Gruppe, den Firmen <a href=\"https:\/\/www.decom.at\/\" target=\"_blank\" rel=\"noreferrer noopener\">DECOM<\/a> und <a href=\"https:\/\/www.mamot.at\/\" target=\"_blank\" rel=\"noreferrer noopener\">MaMot<\/a>!<\/p>\n\n\n\n<p>Wir gratulieren euch f\u00fcr eure herausragende Leistung und w\u00fcnschen euch alles Gute f\u00fcr die Zukunft!<\/p>\n\n\n\n<div class=\"wp-block-advgb-video advgb-video-block full-width\" data-video=\"https:\/\/www.ff-waldneukirchen.at\/wp-content\/uploads\/2022\/08\/Loeschangriff_2.mp4\" data-source=\"local\" data-video-attr=\"controls,playsinline\" data-video-preload=\"metadata\"><div class=\"advgb-video-wrapper full-width no-lightbox\"><video class=\"full-width\" height=\"450\" controls preload=\"metadata\" playsinline><source src=\"https:\/\/www.ff-waldneukirchen.at\/wp-content\/uploads\/2022\/08\/Loeschangriff_2.mp4\"\/>Your browser does not support HTML5 video.<\/video><\/div><\/div>\n\n\n\n<div class=\"wp-block-advgb-video advgb-video-block full-width\" data-video=\"https:\/\/www.ff-waldneukirchen.at\/wp-content\/uploads\/2022\/08\/Staffel.mp4\" data-source=\"local\" data-video-attr=\"controls,playsinline\" data-video-preload=\"metadata\"><div class=\"advgb-video-wrapper full-width no-lightbox\"><video class=\"full-width\" height=\"450\" controls preload=\"metadata\" playsinline><source src=\"https:\/\/www.ff-waldneukirchen.at\/wp-content\/uploads\/2022\/08\/Staffel.mp4\"\/>Your browser does not support HTML5 video.<\/video><\/div><\/div>\n\n\n\n<figure class=\"wp-block-gallery has-nested-images columns-default is-cropped wp-block-gallery-1 is-layout-flex wp-block-gallery-is-layout-flex\">\n<figure class=\"wp-block-image size-large\"><a href=\"https:\/\/www.ff-waldneukirchen.at\/wp-content\/uploads\/2022\/08\/IMG-20220828-WA0049.jpg\"><img loading=\"lazy\" decoding=\"async\" width=\"1024\" height=\"461\" data-attachment-id=\"8133\" data-permalink=\"https:\/\/www.ff-waldneukirchen.at\/?attachment_id=8133\" data-orig-file=\"https:\/\/www.ff-waldneukirchen.at\/wp-content\/uploads\/2022\/08\/IMG-20220828-WA0049.jpg\" data-orig-size=\"1600,720\" data-comments-opened=\"0\" data-image-meta=\"{&quot;aperture&quot;:&quot;0&quot;,&quot;credit&quot;:&quot;&quot;,&quot;camera&quot;:&quot;&quot;,&quot;caption&quot;:&quot;&quot;,&quot;created_timestamp&quot;:&quot;0&quot;,&quot;copyright&quot;:&quot;&quot;,&quot;focal_length&quot;:&quot;0&quot;,&quot;iso&quot;:&quot;0&quot;,&quot;shutter_speed&quot;:&quot;0&quot;,&quot;title&quot;:&quot;&quot;,&quot;orientation&quot;:&quot;0&quot;}\" data-image-title=\"IMG-20220828-WA0049\" data-image-description=\"\" data-image-caption=\"\" data-large-file=\"https:\/\/www.ff-waldneukirchen.at\/wp-content\/uploads\/2022\/08\/IMG-20220828-WA0049-1024x461.jpg\" data-id=\"8133\" src=\"https:\/\/www.ff-waldneukirchen.at\/wp-content\/uploads\/2022\/08\/IMG-20220828-WA0049-1024x461.jpg\" alt=\"\" class=\"wp-image-8133\" srcset=\"https:\/\/www.ff-waldneukirchen.at\/wp-content\/uploads\/2022\/08\/IMG-20220828-WA0049-1024x461.jpg 1024w, https:\/\/www.ff-waldneukirchen.at\/wp-content\/uploads\/2022\/08\/IMG-20220828-WA0049-300x135.jpg 300w, https:\/\/www.ff-waldneukirchen.at\/wp-content\/uploads\/2022\/08\/IMG-20220828-WA0049-768x346.jpg 768w, https:\/\/www.ff-waldneukirchen.at\/wp-content\/uploads\/2022\/08\/IMG-20220828-WA0049-1536x691.jpg 1536w, https:\/\/www.ff-waldneukirchen.at\/wp-content\/uploads\/2022\/08\/IMG-20220828-WA0049-400x180.jpg 400w, https:\/\/www.ff-waldneukirchen.at\/wp-content\/uploads\/2022\/08\/IMG-20220828-WA0049-800x360.jpg 800w, https:\/\/www.ff-waldneukirchen.at\/wp-content\/uploads\/2022\/08\/IMG-20220828-WA0049.jpg 1600w\" sizes=\"auto, (max-width: 1024px) 100vw, 1024px\" \/><\/a><\/figure>\n\n\n\n<figure class=\"wp-block-image size-large\"><a href=\"https:\/\/www.ff-waldneukirchen.at\/wp-content\/uploads\/2022\/08\/IMG_8609.jpg\"><img loading=\"lazy\" decoding=\"async\" width=\"768\" height=\"1024\" data-attachment-id=\"8121\" data-permalink=\"https:\/\/www.ff-waldneukirchen.at\/?attachment_id=8121\" data-orig-file=\"https:\/\/www.ff-waldneukirchen.at\/wp-content\/uploads\/2022\/08\/IMG_8609.jpg\" data-orig-size=\"1200,1600\" data-comments-opened=\"0\" data-image-meta=\"{&quot;aperture&quot;:&quot;0&quot;,&quot;credit&quot;:&quot;&quot;,&quot;camera&quot;:&quot;&quot;,&quot;caption&quot;:&quot;&quot;,&quot;created_timestamp&quot;:&quot;0&quot;,&quot;copyright&quot;:&quot;&quot;,&quot;focal_length&quot;:&quot;0&quot;,&quot;iso&quot;:&quot;0&quot;,&quot;shutter_speed&quot;:&quot;0&quot;,&quot;title&quot;:&quot;&quot;,&quot;orientation&quot;:&quot;0&quot;}\" data-image-title=\"IMG_8609\" data-image-description=\"\" data-image-caption=\"\" data-large-file=\"https:\/\/www.ff-waldneukirchen.at\/wp-content\/uploads\/2022\/08\/IMG_8609-768x1024.jpg\" data-id=\"8121\" src=\"https:\/\/www.ff-waldneukirchen.at\/wp-content\/uploads\/2022\/08\/IMG_8609-768x1024.jpg\" alt=\"\" class=\"wp-image-8121\" srcset=\"https:\/\/www.ff-waldneukirchen.at\/wp-content\/uploads\/2022\/08\/IMG_8609-768x1024.jpg 768w, https:\/\/www.ff-waldneukirchen.at\/wp-content\/uploads\/2022\/08\/IMG_8609-225x300.jpg 225w, https:\/\/www.ff-waldneukirchen.at\/wp-content\/uploads\/2022\/08\/IMG_8609-1152x1536.jpg 1152w, https:\/\/www.ff-waldneukirchen.at\/wp-content\/uploads\/2022\/08\/IMG_8609-400x533.jpg 400w, https:\/\/www.ff-waldneukirchen.at\/wp-content\/uploads\/2022\/08\/IMG_8609-800x1067.jpg 800w, https:\/\/www.ff-waldneukirchen.at\/wp-content\/uploads\/2022\/08\/IMG_8609.jpg 1200w\" sizes=\"auto, (max-width: 768px) 100vw, 768px\" \/><\/a><\/figure>\n\n\n\n<figure class=\"wp-block-image size-large\"><a href=\"https:\/\/www.ff-waldneukirchen.at\/wp-content\/uploads\/2022\/08\/IMG_8610.jpg\"><img loading=\"lazy\" decoding=\"async\" width=\"768\" height=\"1024\" data-attachment-id=\"8122\" data-permalink=\"https:\/\/www.ff-waldneukirchen.at\/?attachment_id=8122\" data-orig-file=\"https:\/\/www.ff-waldneukirchen.at\/wp-content\/uploads\/2022\/08\/IMG_8610.jpg\" data-orig-size=\"1200,1600\" data-comments-opened=\"0\" data-image-meta=\"{&quot;aperture&quot;:&quot;0&quot;,&quot;credit&quot;:&quot;&quot;,&quot;camera&quot;:&quot;&quot;,&quot;caption&quot;:&quot;&quot;,&quot;created_timestamp&quot;:&quot;0&quot;,&quot;copyright&quot;:&quot;&quot;,&quot;focal_length&quot;:&quot;0&quot;,&quot;iso&quot;:&quot;0&quot;,&quot;shutter_speed&quot;:&quot;0&quot;,&quot;title&quot;:&quot;&quot;,&quot;orientation&quot;:&quot;0&quot;}\" data-image-title=\"IMG_8610\" data-image-description=\"\" data-image-caption=\"\" data-large-file=\"https:\/\/www.ff-waldneukirchen.at\/wp-content\/uploads\/2022\/08\/IMG_8610-768x1024.jpg\" data-id=\"8122\" src=\"https:\/\/www.ff-waldneukirchen.at\/wp-content\/uploads\/2022\/08\/IMG_8610-768x1024.jpg\" alt=\"\" class=\"wp-image-8122\" srcset=\"https:\/\/www.ff-waldneukirchen.at\/wp-content\/uploads\/2022\/08\/IMG_8610-768x1024.jpg 768w, https:\/\/www.ff-waldneukirchen.at\/wp-content\/uploads\/2022\/08\/IMG_8610-225x300.jpg 225w, https:\/\/www.ff-waldneukirchen.at\/wp-content\/uploads\/2022\/08\/IMG_8610-1152x1536.jpg 1152w, https:\/\/www.ff-waldneukirchen.at\/wp-content\/uploads\/2022\/08\/IMG_8610-400x533.jpg 400w, https:\/\/www.ff-waldneukirchen.at\/wp-content\/uploads\/2022\/08\/IMG_8610-800x1067.jpg 800w, https:\/\/www.ff-waldneukirchen.at\/wp-content\/uploads\/2022\/08\/IMG_8610.jpg 1200w\" sizes=\"auto, (max-width: 768px) 100vw, 768px\" \/><\/a><\/figure>\n\n\n\n<figure class=\"wp-block-image size-large\"><a href=\"https:\/\/www.ff-waldneukirchen.at\/wp-content\/uploads\/2022\/08\/IMG-20220827-WA0062.jpg\"><img loading=\"lazy\" decoding=\"async\" width=\"1024\" height=\"473\" data-attachment-id=\"8128\" data-permalink=\"https:\/\/www.ff-waldneukirchen.at\/?attachment_id=8128\" data-orig-file=\"https:\/\/www.ff-waldneukirchen.at\/wp-content\/uploads\/2022\/08\/IMG-20220827-WA0062.jpg\" data-orig-size=\"2048,946\" data-comments-opened=\"0\" data-image-meta=\"{&quot;aperture&quot;:&quot;0&quot;,&quot;credit&quot;:&quot;&quot;,&quot;camera&quot;:&quot;&quot;,&quot;caption&quot;:&quot;&quot;,&quot;created_timestamp&quot;:&quot;0&quot;,&quot;copyright&quot;:&quot;&quot;,&quot;focal_length&quot;:&quot;0&quot;,&quot;iso&quot;:&quot;0&quot;,&quot;shutter_speed&quot;:&quot;0&quot;,&quot;title&quot;:&quot;&quot;,&quot;orientation&quot;:&quot;0&quot;}\" data-image-title=\"IMG-20220827-WA0062\" data-image-description=\"\" data-image-caption=\"\" data-large-file=\"https:\/\/www.ff-waldneukirchen.at\/wp-content\/uploads\/2022\/08\/IMG-20220827-WA0062-1024x473.jpg\" data-id=\"8128\" src=\"https:\/\/www.ff-waldneukirchen.at\/wp-content\/uploads\/2022\/08\/IMG-20220827-WA0062-1024x473.jpg\" alt=\"\" class=\"wp-image-8128\" srcset=\"https:\/\/www.ff-waldneukirchen.at\/wp-content\/uploads\/2022\/08\/IMG-20220827-WA0062-1024x473.jpg 1024w, https:\/\/www.ff-waldneukirchen.at\/wp-content\/uploads\/2022\/08\/IMG-20220827-WA0062-300x139.jpg 300w, https:\/\/www.ff-waldneukirchen.at\/wp-content\/uploads\/2022\/08\/IMG-20220827-WA0062-768x355.jpg 768w, https:\/\/www.ff-waldneukirchen.at\/wp-content\/uploads\/2022\/08\/IMG-20220827-WA0062-1536x710.jpg 1536w, https:\/\/www.ff-waldneukirchen.at\/wp-content\/uploads\/2022\/08\/IMG-20220827-WA0062-1870x864.jpg 1870w, https:\/\/www.ff-waldneukirchen.at\/wp-content\/uploads\/2022\/08\/IMG-20220827-WA0062-400x185.jpg 400w, https:\/\/www.ff-waldneukirchen.at\/wp-content\/uploads\/2022\/08\/IMG-20220827-WA0062-800x370.jpg 800w, https:\/\/www.ff-waldneukirchen.at\/wp-content\/uploads\/2022\/08\/IMG-20220827-WA0062.jpg 2048w\" sizes=\"auto, (max-width: 1024px) 100vw, 1024px\" \/><\/a><\/figure>\n\n\n\n<figure class=\"wp-block-image size-large\"><a href=\"https:\/\/www.ff-waldneukirchen.at\/wp-content\/uploads\/2022\/08\/IMG-20220827-WA0043.jpg\"><img loading=\"lazy\" decoding=\"async\" width=\"1024\" height=\"461\" data-attachment-id=\"8126\" data-permalink=\"https:\/\/www.ff-waldneukirchen.at\/?attachment_id=8126\" data-orig-file=\"https:\/\/www.ff-waldneukirchen.at\/wp-content\/uploads\/2022\/08\/IMG-20220827-WA0043.jpg\" data-orig-size=\"1600,720\" data-comments-opened=\"0\" data-image-meta=\"{&quot;aperture&quot;:&quot;0&quot;,&quot;credit&quot;:&quot;&quot;,&quot;camera&quot;:&quot;&quot;,&quot;caption&quot;:&quot;&quot;,&quot;created_timestamp&quot;:&quot;0&quot;,&quot;copyright&quot;:&quot;&quot;,&quot;focal_length&quot;:&quot;0&quot;,&quot;iso&quot;:&quot;0&quot;,&quot;shutter_speed&quot;:&quot;0&quot;,&quot;title&quot;:&quot;&quot;,&quot;orientation&quot;:&quot;0&quot;}\" data-image-title=\"IMG-20220827-WA0043\" data-image-description=\"\" data-image-caption=\"\" data-large-file=\"https:\/\/www.ff-waldneukirchen.at\/wp-content\/uploads\/2022\/08\/IMG-20220827-WA0043-1024x461.jpg\" data-id=\"8126\" src=\"https:\/\/www.ff-waldneukirchen.at\/wp-content\/uploads\/2022\/08\/IMG-20220827-WA0043-1024x461.jpg\" alt=\"\" class=\"wp-image-8126\" srcset=\"https:\/\/www.ff-waldneukirchen.at\/wp-content\/uploads\/2022\/08\/IMG-20220827-WA0043-1024x461.jpg 1024w, https:\/\/www.ff-waldneukirchen.at\/wp-content\/uploads\/2022\/08\/IMG-20220827-WA0043-300x135.jpg 300w, https:\/\/www.ff-waldneukirchen.at\/wp-content\/uploads\/2022\/08\/IMG-20220827-WA0043-768x346.jpg 768w, https:\/\/www.ff-waldneukirchen.at\/wp-content\/uploads\/2022\/08\/IMG-20220827-WA0043-1536x691.jpg 1536w, https:\/\/www.ff-waldneukirchen.at\/wp-content\/uploads\/2022\/08\/IMG-20220827-WA0043-400x180.jpg 400w, https:\/\/www.ff-waldneukirchen.at\/wp-content\/uploads\/2022\/08\/IMG-20220827-WA0043-800x360.jpg 800w, https:\/\/www.ff-waldneukirchen.at\/wp-content\/uploads\/2022\/08\/IMG-20220827-WA0043.jpg 1600w\" sizes=\"auto, (max-width: 1024px) 100vw, 1024px\" \/><\/a><\/figure>\n\n\n\n<figure class=\"wp-block-image size-large\"><a href=\"https:\/\/www.ff-waldneukirchen.at\/wp-content\/uploads\/2022\/08\/signal-2022-08-27-15-34-01-762.jpg\"><img loading=\"lazy\" decoding=\"async\" width=\"1024\" height=\"768\" data-attachment-id=\"8135\" data-permalink=\"https:\/\/www.ff-waldneukirchen.at\/?attachment_id=8135\" data-orig-file=\"https:\/\/www.ff-waldneukirchen.at\/wp-content\/uploads\/2022\/08\/signal-2022-08-27-15-34-01-762.jpg\" data-orig-size=\"1600,1200\" data-comments-opened=\"0\" data-image-meta=\"{&quot;aperture&quot;:&quot;0&quot;,&quot;credit&quot;:&quot;&quot;,&quot;camera&quot;:&quot;&quot;,&quot;caption&quot;:&quot;&quot;,&quot;created_timestamp&quot;:&quot;0&quot;,&quot;copyright&quot;:&quot;&quot;,&quot;focal_length&quot;:&quot;0&quot;,&quot;iso&quot;:&quot;0&quot;,&quot;shutter_speed&quot;:&quot;0&quot;,&quot;title&quot;:&quot;&quot;,&quot;orientation&quot;:&quot;0&quot;}\" data-image-title=\"signal-2022-08-27-15-34-01-762\" data-image-description=\"\" data-image-caption=\"\" data-large-file=\"https:\/\/www.ff-waldneukirchen.at\/wp-content\/uploads\/2022\/08\/signal-2022-08-27-15-34-01-762-1024x768.jpg\" data-id=\"8135\" src=\"https:\/\/www.ff-waldneukirchen.at\/wp-content\/uploads\/2022\/08\/signal-2022-08-27-15-34-01-762-1024x768.jpg\" alt=\"\" class=\"wp-image-8135\" srcset=\"https:\/\/www.ff-waldneukirchen.at\/wp-content\/uploads\/2022\/08\/signal-2022-08-27-15-34-01-762-1024x768.jpg 1024w, https:\/\/www.ff-waldneukirchen.at\/wp-content\/uploads\/2022\/08\/signal-2022-08-27-15-34-01-762-300x225.jpg 300w, https:\/\/www.ff-waldneukirchen.at\/wp-content\/uploads\/2022\/08\/signal-2022-08-27-15-34-01-762-768x576.jpg 768w, https:\/\/www.ff-waldneukirchen.at\/wp-content\/uploads\/2022\/08\/signal-2022-08-27-15-34-01-762-1536x1152.jpg 1536w, https:\/\/www.ff-waldneukirchen.at\/wp-content\/uploads\/2022\/08\/signal-2022-08-27-15-34-01-762-400x300.jpg 400w, https:\/\/www.ff-waldneukirchen.at\/wp-content\/uploads\/2022\/08\/signal-2022-08-27-15-34-01-762-800x600.jpg 800w, https:\/\/www.ff-waldneukirchen.at\/wp-content\/uploads\/2022\/08\/signal-2022-08-27-15-34-01-762.jpg 1600w\" sizes=\"auto, (max-width: 1024px) 100vw, 1024px\" \/><\/a><\/figure>\n\n\n\n<figure class=\"wp-block-image size-large\"><a href=\"https:\/\/www.ff-waldneukirchen.at\/wp-content\/uploads\/2022\/08\/IMG-20220827-WA0045.jpg\"><img loading=\"lazy\" decoding=\"async\" width=\"1024\" height=\"361\" data-attachment-id=\"8127\" data-permalink=\"https:\/\/www.ff-waldneukirchen.at\/?attachment_id=8127\" data-orig-file=\"https:\/\/www.ff-waldneukirchen.at\/wp-content\/uploads\/2022\/08\/IMG-20220827-WA0045.jpg\" data-orig-size=\"1600,564\" data-comments-opened=\"0\" data-image-meta=\"{&quot;aperture&quot;:&quot;0&quot;,&quot;credit&quot;:&quot;&quot;,&quot;camera&quot;:&quot;&quot;,&quot;caption&quot;:&quot;&quot;,&quot;created_timestamp&quot;:&quot;0&quot;,&quot;copyright&quot;:&quot;&quot;,&quot;focal_length&quot;:&quot;0&quot;,&quot;iso&quot;:&quot;0&quot;,&quot;shutter_speed&quot;:&quot;0&quot;,&quot;title&quot;:&quot;&quot;,&quot;orientation&quot;:&quot;0&quot;}\" data-image-title=\"IMG-20220827-WA0045\" data-image-description=\"\" data-image-caption=\"\" data-large-file=\"https:\/\/www.ff-waldneukirchen.at\/wp-content\/uploads\/2022\/08\/IMG-20220827-WA0045-1024x361.jpg\" data-id=\"8127\" src=\"https:\/\/www.ff-waldneukirchen.at\/wp-content\/uploads\/2022\/08\/IMG-20220827-WA0045-1024x361.jpg\" alt=\"\" class=\"wp-image-8127\" srcset=\"https:\/\/www.ff-waldneukirchen.at\/wp-content\/uploads\/2022\/08\/IMG-20220827-WA0045-1024x361.jpg 1024w, https:\/\/www.ff-waldneukirchen.at\/wp-content\/uploads\/2022\/08\/IMG-20220827-WA0045-300x106.jpg 300w, https:\/\/www.ff-waldneukirchen.at\/wp-content\/uploads\/2022\/08\/IMG-20220827-WA0045-768x271.jpg 768w, https:\/\/www.ff-waldneukirchen.at\/wp-content\/uploads\/2022\/08\/IMG-20220827-WA0045-1536x541.jpg 1536w, https:\/\/www.ff-waldneukirchen.at\/wp-content\/uploads\/2022\/08\/IMG-20220827-WA0045-400x141.jpg 400w, https:\/\/www.ff-waldneukirchen.at\/wp-content\/uploads\/2022\/08\/IMG-20220827-WA0045-800x282.jpg 800w, https:\/\/www.ff-waldneukirchen.at\/wp-content\/uploads\/2022\/08\/IMG-20220827-WA0045.jpg 1600w\" sizes=\"auto, (max-width: 1024px) 100vw, 1024px\" \/><\/a><\/figure>\n\n\n\n<figure class=\"wp-block-image size-large\"><a href=\"https:\/\/www.ff-waldneukirchen.at\/wp-content\/uploads\/2022\/08\/signal-2022-08-29-19-53-42-815-6.jpg\"><img loading=\"lazy\" decoding=\"async\" width=\"1024\" height=\"768\" data-attachment-id=\"8119\" data-permalink=\"https:\/\/www.ff-waldneukirchen.at\/?attachment_id=8119\" data-orig-file=\"https:\/\/www.ff-waldneukirchen.at\/wp-content\/uploads\/2022\/08\/signal-2022-08-29-19-53-42-815-6.jpg\" data-orig-size=\"1600,1200\" data-comments-opened=\"0\" data-image-meta=\"{&quot;aperture&quot;:&quot;0&quot;,&quot;credit&quot;:&quot;&quot;,&quot;camera&quot;:&quot;&quot;,&quot;caption&quot;:&quot;&quot;,&quot;created_timestamp&quot;:&quot;0&quot;,&quot;copyright&quot;:&quot;&quot;,&quot;focal_length&quot;:&quot;0&quot;,&quot;iso&quot;:&quot;0&quot;,&quot;shutter_speed&quot;:&quot;0&quot;,&quot;title&quot;:&quot;&quot;,&quot;orientation&quot;:&quot;0&quot;}\" data-image-title=\"signal-2022-08-29-19-53-42-815-6\" data-image-description=\"\" data-image-caption=\"\" data-large-file=\"https:\/\/www.ff-waldneukirchen.at\/wp-content\/uploads\/2022\/08\/signal-2022-08-29-19-53-42-815-6-1024x768.jpg\" data-id=\"8119\" src=\"https:\/\/www.ff-waldneukirchen.at\/wp-content\/uploads\/2022\/08\/signal-2022-08-29-19-53-42-815-6-1024x768.jpg\" alt=\"\" class=\"wp-image-8119\" srcset=\"https:\/\/www.ff-waldneukirchen.at\/wp-content\/uploads\/2022\/08\/signal-2022-08-29-19-53-42-815-6-1024x768.jpg 1024w, https:\/\/www.ff-waldneukirchen.at\/wp-content\/uploads\/2022\/08\/signal-2022-08-29-19-53-42-815-6-300x225.jpg 300w, https:\/\/www.ff-waldneukirchen.at\/wp-content\/uploads\/2022\/08\/signal-2022-08-29-19-53-42-815-6-768x576.jpg 768w, https:\/\/www.ff-waldneukirchen.at\/wp-content\/uploads\/2022\/08\/signal-2022-08-29-19-53-42-815-6-1536x1152.jpg 1536w, https:\/\/www.ff-waldneukirchen.at\/wp-content\/uploads\/2022\/08\/signal-2022-08-29-19-53-42-815-6-400x300.jpg 400w, https:\/\/www.ff-waldneukirchen.at\/wp-content\/uploads\/2022\/08\/signal-2022-08-29-19-53-42-815-6-800x600.jpg 800w, https:\/\/www.ff-waldneukirchen.at\/wp-content\/uploads\/2022\/08\/signal-2022-08-29-19-53-42-815-6.jpg 1600w\" sizes=\"auto, (max-width: 1024px) 100vw, 1024px\" \/><\/a><\/figure>\n\n\n\n<figure class=\"wp-block-image size-large\"><a href=\"https:\/\/www.ff-waldneukirchen.at\/wp-content\/uploads\/2022\/08\/signal-2022-08-29-19-53-42-815-3.jpg\"><img loading=\"lazy\" decoding=\"async\" width=\"1024\" height=\"768\" data-attachment-id=\"8136\" data-permalink=\"https:\/\/www.ff-waldneukirchen.at\/?attachment_id=8136\" data-orig-file=\"https:\/\/www.ff-waldneukirchen.at\/wp-content\/uploads\/2022\/08\/signal-2022-08-29-19-53-42-815-3.jpg\" data-orig-size=\"1600,1200\" data-comments-opened=\"0\" data-image-meta=\"{&quot;aperture&quot;:&quot;0&quot;,&quot;credit&quot;:&quot;&quot;,&quot;camera&quot;:&quot;&quot;,&quot;caption&quot;:&quot;&quot;,&quot;created_timestamp&quot;:&quot;0&quot;,&quot;copyright&quot;:&quot;&quot;,&quot;focal_length&quot;:&quot;0&quot;,&quot;iso&quot;:&quot;0&quot;,&quot;shutter_speed&quot;:&quot;0&quot;,&quot;title&quot;:&quot;&quot;,&quot;orientation&quot;:&quot;0&quot;}\" data-image-title=\"signal-2022-08-29-19-53-42-815-3\" data-image-description=\"\" data-image-caption=\"\" data-large-file=\"https:\/\/www.ff-waldneukirchen.at\/wp-content\/uploads\/2022\/08\/signal-2022-08-29-19-53-42-815-3-1024x768.jpg\" data-id=\"8136\" src=\"https:\/\/www.ff-waldneukirchen.at\/wp-content\/uploads\/2022\/08\/signal-2022-08-29-19-53-42-815-3-1024x768.jpg\" alt=\"\" class=\"wp-image-8136\" srcset=\"https:\/\/www.ff-waldneukirchen.at\/wp-content\/uploads\/2022\/08\/signal-2022-08-29-19-53-42-815-3-1024x768.jpg 1024w, https:\/\/www.ff-waldneukirchen.at\/wp-content\/uploads\/2022\/08\/signal-2022-08-29-19-53-42-815-3-300x225.jpg 300w, https:\/\/www.ff-waldneukirchen.at\/wp-content\/uploads\/2022\/08\/signal-2022-08-29-19-53-42-815-3-768x576.jpg 768w, https:\/\/www.ff-waldneukirchen.at\/wp-content\/uploads\/2022\/08\/signal-2022-08-29-19-53-42-815-3-1536x1152.jpg 1536w, https:\/\/www.ff-waldneukirchen.at\/wp-content\/uploads\/2022\/08\/signal-2022-08-29-19-53-42-815-3-400x300.jpg 400w, https:\/\/www.ff-waldneukirchen.at\/wp-content\/uploads\/2022\/08\/signal-2022-08-29-19-53-42-815-3-800x600.jpg 800w, https:\/\/www.ff-waldneukirchen.at\/wp-content\/uploads\/2022\/08\/signal-2022-08-29-19-53-42-815-3.jpg 1600w\" sizes=\"auto, (max-width: 1024px) 100vw, 1024px\" \/><\/a><\/figure>\n\n\n\n<figure class=\"wp-block-image size-large\"><a href=\"https:\/\/www.ff-waldneukirchen.at\/wp-content\/uploads\/2022\/08\/IMG_8615.jpg\"><img loading=\"lazy\" decoding=\"async\" width=\"1024\" height=\"768\" data-attachment-id=\"8120\" data-permalink=\"https:\/\/www.ff-waldneukirchen.at\/?attachment_id=8120\" data-orig-file=\"https:\/\/www.ff-waldneukirchen.at\/wp-content\/uploads\/2022\/08\/IMG_8615.jpg\" data-orig-size=\"1600,1200\" data-comments-opened=\"0\" data-image-meta=\"{&quot;aperture&quot;:&quot;0&quot;,&quot;credit&quot;:&quot;&quot;,&quot;camera&quot;:&quot;&quot;,&quot;caption&quot;:&quot;&quot;,&quot;created_timestamp&quot;:&quot;0&quot;,&quot;copyright&quot;:&quot;&quot;,&quot;focal_length&quot;:&quot;0&quot;,&quot;iso&quot;:&quot;0&quot;,&quot;shutter_speed&quot;:&quot;0&quot;,&quot;title&quot;:&quot;&quot;,&quot;orientation&quot;:&quot;0&quot;}\" data-image-title=\"IMG_8615\" data-image-description=\"\" data-image-caption=\"\" data-large-file=\"https:\/\/www.ff-waldneukirchen.at\/wp-content\/uploads\/2022\/08\/IMG_8615-1024x768.jpg\" data-id=\"8120\" src=\"https:\/\/www.ff-waldneukirchen.at\/wp-content\/uploads\/2022\/08\/IMG_8615-1024x768.jpg\" alt=\"\" class=\"wp-image-8120\" srcset=\"https:\/\/www.ff-waldneukirchen.at\/wp-content\/uploads\/2022\/08\/IMG_8615-1024x768.jpg 1024w, https:\/\/www.ff-waldneukirchen.at\/wp-content\/uploads\/2022\/08\/IMG_8615-300x225.jpg 300w, https:\/\/www.ff-waldneukirchen.at\/wp-content\/uploads\/2022\/08\/IMG_8615-768x576.jpg 768w, https:\/\/www.ff-waldneukirchen.at\/wp-content\/uploads\/2022\/08\/IMG_8615-1536x1152.jpg 1536w, https:\/\/www.ff-waldneukirchen.at\/wp-content\/uploads\/2022\/08\/IMG_8615-400x300.jpg 400w, https:\/\/www.ff-waldneukirchen.at\/wp-content\/uploads\/2022\/08\/IMG_8615-800x600.jpg 800w, https:\/\/www.ff-waldneukirchen.at\/wp-content\/uploads\/2022\/08\/IMG_8615.jpg 1600w\" sizes=\"auto, (max-width: 1024px) 100vw, 1024px\" \/><\/a><\/figure>\n\n\n\n<figure class=\"wp-block-image size-large\"><a href=\"https:\/\/www.ff-waldneukirchen.at\/wp-content\/uploads\/2022\/08\/IMG_8621-1.jpg\"><img loading=\"lazy\" decoding=\"async\" width=\"1024\" height=\"768\" data-attachment-id=\"8123\" data-permalink=\"https:\/\/www.ff-waldneukirchen.at\/?attachment_id=8123\" data-orig-file=\"https:\/\/www.ff-waldneukirchen.at\/wp-content\/uploads\/2022\/08\/IMG_8621-1.jpg\" data-orig-size=\"1600,1200\" data-comments-opened=\"0\" data-image-meta=\"{&quot;aperture&quot;:&quot;0&quot;,&quot;credit&quot;:&quot;&quot;,&quot;camera&quot;:&quot;&quot;,&quot;caption&quot;:&quot;&quot;,&quot;created_timestamp&quot;:&quot;0&quot;,&quot;copyright&quot;:&quot;&quot;,&quot;focal_length&quot;:&quot;0&quot;,&quot;iso&quot;:&quot;0&quot;,&quot;shutter_speed&quot;:&quot;0&quot;,&quot;title&quot;:&quot;&quot;,&quot;orientation&quot;:&quot;0&quot;}\" data-image-title=\"IMG_8621-1\" data-image-description=\"\" data-image-caption=\"\" data-large-file=\"https:\/\/www.ff-waldneukirchen.at\/wp-content\/uploads\/2022\/08\/IMG_8621-1-1024x768.jpg\" data-id=\"8123\" src=\"https:\/\/www.ff-waldneukirchen.at\/wp-content\/uploads\/2022\/08\/IMG_8621-1-1024x768.jpg\" alt=\"\" class=\"wp-image-8123\" srcset=\"https:\/\/www.ff-waldneukirchen.at\/wp-content\/uploads\/2022\/08\/IMG_8621-1-1024x768.jpg 1024w, https:\/\/www.ff-waldneukirchen.at\/wp-content\/uploads\/2022\/08\/IMG_8621-1-300x225.jpg 300w, https:\/\/www.ff-waldneukirchen.at\/wp-content\/uploads\/2022\/08\/IMG_8621-1-768x576.jpg 768w, https:\/\/www.ff-waldneukirchen.at\/wp-content\/uploads\/2022\/08\/IMG_8621-1-1536x1152.jpg 1536w, https:\/\/www.ff-waldneukirchen.at\/wp-content\/uploads\/2022\/08\/IMG_8621-1-400x300.jpg 400w, https:\/\/www.ff-waldneukirchen.at\/wp-content\/uploads\/2022\/08\/IMG_8621-1-800x600.jpg 800w, https:\/\/www.ff-waldneukirchen.at\/wp-content\/uploads\/2022\/08\/IMG_8621-1.jpg 1600w\" sizes=\"auto, (max-width: 1024px) 100vw, 1024px\" \/><\/a><\/figure>\n\n\n\n<figure class=\"wp-block-image size-large\"><a href=\"https:\/\/www.ff-waldneukirchen.at\/wp-content\/uploads\/2022\/08\/IMG-20220828-WA0034.jpg\"><img loading=\"lazy\" decoding=\"async\" width=\"1024\" height=\"461\" data-attachment-id=\"8132\" data-permalink=\"https:\/\/www.ff-waldneukirchen.at\/?attachment_id=8132\" data-orig-file=\"https:\/\/www.ff-waldneukirchen.at\/wp-content\/uploads\/2022\/08\/IMG-20220828-WA0034.jpg\" data-orig-size=\"1600,720\" data-comments-opened=\"0\" data-image-meta=\"{&quot;aperture&quot;:&quot;0&quot;,&quot;credit&quot;:&quot;&quot;,&quot;camera&quot;:&quot;&quot;,&quot;caption&quot;:&quot;&quot;,&quot;created_timestamp&quot;:&quot;0&quot;,&quot;copyright&quot;:&quot;&quot;,&quot;focal_length&quot;:&quot;0&quot;,&quot;iso&quot;:&quot;0&quot;,&quot;shutter_speed&quot;:&quot;0&quot;,&quot;title&quot;:&quot;&quot;,&quot;orientation&quot;:&quot;0&quot;}\" data-image-title=\"IMG-20220828-WA0034\" data-image-description=\"\" data-image-caption=\"\" data-large-file=\"https:\/\/www.ff-waldneukirchen.at\/wp-content\/uploads\/2022\/08\/IMG-20220828-WA0034-1024x461.jpg\" data-id=\"8132\" src=\"https:\/\/www.ff-waldneukirchen.at\/wp-content\/uploads\/2022\/08\/IMG-20220828-WA0034-1024x461.jpg\" alt=\"\" class=\"wp-image-8132\" srcset=\"https:\/\/www.ff-waldneukirchen.at\/wp-content\/uploads\/2022\/08\/IMG-20220828-WA0034-1024x461.jpg 1024w, https:\/\/www.ff-waldneukirchen.at\/wp-content\/uploads\/2022\/08\/IMG-20220828-WA0034-300x135.jpg 300w, https:\/\/www.ff-waldneukirchen.at\/wp-content\/uploads\/2022\/08\/IMG-20220828-WA0034-768x346.jpg 768w, https:\/\/www.ff-waldneukirchen.at\/wp-content\/uploads\/2022\/08\/IMG-20220828-WA0034-1536x691.jpg 1536w, https:\/\/www.ff-waldneukirchen.at\/wp-content\/uploads\/2022\/08\/IMG-20220828-WA0034-400x180.jpg 400w, https:\/\/www.ff-waldneukirchen.at\/wp-content\/uploads\/2022\/08\/IMG-20220828-WA0034-800x360.jpg 800w, https:\/\/www.ff-waldneukirchen.at\/wp-content\/uploads\/2022\/08\/IMG-20220828-WA0034.jpg 1600w\" sizes=\"auto, (max-width: 1024px) 100vw, 1024px\" \/><\/a><\/figure>\n\n\n\n<figure class=\"wp-block-image size-large\"><a href=\"https:\/\/www.ff-waldneukirchen.at\/wp-content\/uploads\/2022\/08\/IMG-20220828-WA0009.jpg\"><img loading=\"lazy\" decoding=\"async\" width=\"1024\" height=\"576\" data-attachment-id=\"8129\" data-permalink=\"https:\/\/www.ff-waldneukirchen.at\/?attachment_id=8129\" data-orig-file=\"https:\/\/www.ff-waldneukirchen.at\/wp-content\/uploads\/2022\/08\/IMG-20220828-WA0009.jpg\" data-orig-size=\"2048,1152\" data-comments-opened=\"0\" data-image-meta=\"{&quot;aperture&quot;:&quot;0&quot;,&quot;credit&quot;:&quot;&quot;,&quot;camera&quot;:&quot;&quot;,&quot;caption&quot;:&quot;&quot;,&quot;created_timestamp&quot;:&quot;0&quot;,&quot;copyright&quot;:&quot;&quot;,&quot;focal_length&quot;:&quot;0&quot;,&quot;iso&quot;:&quot;0&quot;,&quot;shutter_speed&quot;:&quot;0&quot;,&quot;title&quot;:&quot;&quot;,&quot;orientation&quot;:&quot;0&quot;}\" data-image-title=\"IMG-20220828-WA0009\" data-image-description=\"\" data-image-caption=\"\" data-large-file=\"https:\/\/www.ff-waldneukirchen.at\/wp-content\/uploads\/2022\/08\/IMG-20220828-WA0009-1024x576.jpg\" data-id=\"8129\" src=\"https:\/\/www.ff-waldneukirchen.at\/wp-content\/uploads\/2022\/08\/IMG-20220828-WA0009-1024x576.jpg\" alt=\"\" class=\"wp-image-8129\" srcset=\"https:\/\/www.ff-waldneukirchen.at\/wp-content\/uploads\/2022\/08\/IMG-20220828-WA0009-1024x576.jpg 1024w, https:\/\/www.ff-waldneukirchen.at\/wp-content\/uploads\/2022\/08\/IMG-20220828-WA0009-300x169.jpg 300w, https:\/\/www.ff-waldneukirchen.at\/wp-content\/uploads\/2022\/08\/IMG-20220828-WA0009-768x432.jpg 768w, https:\/\/www.ff-waldneukirchen.at\/wp-content\/uploads\/2022\/08\/IMG-20220828-WA0009-1536x864.jpg 1536w, https:\/\/www.ff-waldneukirchen.at\/wp-content\/uploads\/2022\/08\/IMG-20220828-WA0009-1870x1052.jpg 1870w, https:\/\/www.ff-waldneukirchen.at\/wp-content\/uploads\/2022\/08\/IMG-20220828-WA0009-400x225.jpg 400w, https:\/\/www.ff-waldneukirchen.at\/wp-content\/uploads\/2022\/08\/IMG-20220828-WA0009-800x450.jpg 800w, https:\/\/www.ff-waldneukirchen.at\/wp-content\/uploads\/2022\/08\/IMG-20220828-WA0009.jpg 2048w\" sizes=\"auto, (max-width: 1024px) 100vw, 1024px\" \/><\/a><\/figure>\n\n\n\n<figure class=\"wp-block-image size-large\"><a href=\"https:\/\/www.ff-waldneukirchen.at\/wp-content\/uploads\/2022\/08\/IMG-20220828-WA0054.jpg\"><img loading=\"lazy\" decoding=\"async\" width=\"799\" height=\"533\" data-attachment-id=\"8134\" data-permalink=\"https:\/\/www.ff-waldneukirchen.at\/?attachment_id=8134\" data-orig-file=\"https:\/\/www.ff-waldneukirchen.at\/wp-content\/uploads\/2022\/08\/IMG-20220828-WA0054.jpg\" data-orig-size=\"799,533\" data-comments-opened=\"0\" data-image-meta=\"{&quot;aperture&quot;:&quot;0&quot;,&quot;credit&quot;:&quot;&quot;,&quot;camera&quot;:&quot;&quot;,&quot;caption&quot;:&quot;&quot;,&quot;created_timestamp&quot;:&quot;0&quot;,&quot;copyright&quot;:&quot;&quot;,&quot;focal_length&quot;:&quot;0&quot;,&quot;iso&quot;:&quot;0&quot;,&quot;shutter_speed&quot;:&quot;0&quot;,&quot;title&quot;:&quot;&quot;,&quot;orientation&quot;:&quot;0&quot;}\" data-image-title=\"IMG-20220828-WA0054\" data-image-description=\"\" data-image-caption=\"\" data-large-file=\"https:\/\/www.ff-waldneukirchen.at\/wp-content\/uploads\/2022\/08\/IMG-20220828-WA0054.jpg\" data-id=\"8134\" src=\"https:\/\/www.ff-waldneukirchen.at\/wp-content\/uploads\/2022\/08\/IMG-20220828-WA0054.jpg\" alt=\"\" class=\"wp-image-8134\" srcset=\"https:\/\/www.ff-waldneukirchen.at\/wp-content\/uploads\/2022\/08\/IMG-20220828-WA0054.jpg 799w, https:\/\/www.ff-waldneukirchen.at\/wp-content\/uploads\/2022\/08\/IMG-20220828-WA0054-300x200.jpg 300w, https:\/\/www.ff-waldneukirchen.at\/wp-content\/uploads\/2022\/08\/IMG-20220828-WA0054-768x512.jpg 768w, https:\/\/www.ff-waldneukirchen.at\/wp-content\/uploads\/2022\/08\/IMG-20220828-WA0054-400x267.jpg 400w, https:\/\/www.ff-waldneukirchen.at\/wp-content\/uploads\/2022\/08\/IMG-20220828-WA0054-272x182.jpg 272w\" sizes=\"auto, (max-width: 799px) 100vw, 799px\" \/><\/a><\/figure>\n\n\n\n<figure class=\"wp-block-image size-large\"><a href=\"https:\/\/www.ff-waldneukirchen.at\/wp-content\/uploads\/2022\/08\/52317109665_772d25d864_o-scaled.jpg\"><img loading=\"lazy\" decoding=\"async\" width=\"1024\" height=\"683\" data-attachment-id=\"8124\" data-permalink=\"https:\/\/www.ff-waldneukirchen.at\/?attachment_id=8124\" data-orig-file=\"https:\/\/www.ff-waldneukirchen.at\/wp-content\/uploads\/2022\/08\/52317109665_772d25d864_o-scaled.jpg\" data-orig-size=\"2560,1707\" data-comments-opened=\"0\" data-image-meta=\"{&quot;aperture&quot;:&quot;8&quot;,&quot;credit&quot;:&quot;&quot;,&quot;camera&quot;:&quot;ILCE-7M3&quot;,&quot;caption&quot;:&quot;&quot;,&quot;created_timestamp&quot;:&quot;1661675649&quot;,&quot;copyright&quot;:&quot;&quot;,&quot;focal_length&quot;:&quot;24&quot;,&quot;iso&quot;:&quot;1600&quot;,&quot;shutter_speed&quot;:&quot;0.00125&quot;,&quot;title&quot;:&quot;&quot;,&quot;orientation&quot;:&quot;0&quot;}\" data-image-title=\"52317109665_772d25d864_o\" data-image-description=\"\" data-image-caption=\"\" data-large-file=\"https:\/\/www.ff-waldneukirchen.at\/wp-content\/uploads\/2022\/08\/52317109665_772d25d864_o-1024x683.jpg\" data-id=\"8124\" src=\"https:\/\/www.ff-waldneukirchen.at\/wp-content\/uploads\/2022\/08\/52317109665_772d25d864_o-1024x683.jpg\" alt=\"\" class=\"wp-image-8124\" srcset=\"https:\/\/www.ff-waldneukirchen.at\/wp-content\/uploads\/2022\/08\/52317109665_772d25d864_o-1024x683.jpg 1024w, https:\/\/www.ff-waldneukirchen.at\/wp-content\/uploads\/2022\/08\/52317109665_772d25d864_o-300x200.jpg 300w, https:\/\/www.ff-waldneukirchen.at\/wp-content\/uploads\/2022\/08\/52317109665_772d25d864_o-768x512.jpg 768w, https:\/\/www.ff-waldneukirchen.at\/wp-content\/uploads\/2022\/08\/52317109665_772d25d864_o-1536x1024.jpg 1536w, https:\/\/www.ff-waldneukirchen.at\/wp-content\/uploads\/2022\/08\/52317109665_772d25d864_o-2048x1365.jpg 2048w, https:\/\/www.ff-waldneukirchen.at\/wp-content\/uploads\/2022\/08\/52317109665_772d25d864_o-1870x1247.jpg 1870w, https:\/\/www.ff-waldneukirchen.at\/wp-content\/uploads\/2022\/08\/52317109665_772d25d864_o-400x267.jpg 400w, https:\/\/www.ff-waldneukirchen.at\/wp-content\/uploads\/2022\/08\/52317109665_772d25d864_o-800x533.jpg 800w, https:\/\/www.ff-waldneukirchen.at\/wp-content\/uploads\/2022\/08\/52317109665_772d25d864_o-272x182.jpg 272w\" sizes=\"auto, (max-width: 1024px) 100vw, 1024px\" \/><\/a><\/figure>\n\n\n\n<figure class=\"wp-block-image size-large\"><a href=\"https:\/\/www.ff-waldneukirchen.at\/wp-content\/uploads\/2022\/08\/20220828_102535-scaled.jpg\"><img loading=\"lazy\" decoding=\"async\" width=\"1024\" height=\"576\" data-attachment-id=\"8142\" data-permalink=\"https:\/\/www.ff-waldneukirchen.at\/?attachment_id=8142\" data-orig-file=\"https:\/\/www.ff-waldneukirchen.at\/wp-content\/uploads\/2022\/08\/20220828_102535-scaled.jpg\" data-orig-size=\"2560,1440\" data-comments-opened=\"0\" data-image-meta=\"{&quot;aperture&quot;:&quot;1.7&quot;,&quot;credit&quot;:&quot;&quot;,&quot;camera&quot;:&quot;SM-A405FN&quot;,&quot;caption&quot;:&quot;&quot;,&quot;created_timestamp&quot;:&quot;1661682335&quot;,&quot;copyright&quot;:&quot;&quot;,&quot;focal_length&quot;:&quot;3.92&quot;,&quot;iso&quot;:&quot;40&quot;,&quot;shutter_speed&quot;:&quot;0.0038314176245211&quot;,&quot;title&quot;:&quot;&quot;,&quot;orientation&quot;:&quot;1&quot;}\" data-image-title=\"20220828_102535\" data-image-description=\"\" data-image-caption=\"\" data-large-file=\"https:\/\/www.ff-waldneukirchen.at\/wp-content\/uploads\/2022\/08\/20220828_102535-1024x576.jpg\" data-id=\"8142\" src=\"https:\/\/www.ff-waldneukirchen.at\/wp-content\/uploads\/2022\/08\/20220828_102535-1024x576.jpg\" alt=\"\" class=\"wp-image-8142\" srcset=\"https:\/\/www.ff-waldneukirchen.at\/wp-content\/uploads\/2022\/08\/20220828_102535-1024x576.jpg 1024w, https:\/\/www.ff-waldneukirchen.at\/wp-content\/uploads\/2022\/08\/20220828_102535-300x169.jpg 300w, https:\/\/www.ff-waldneukirchen.at\/wp-content\/uploads\/2022\/08\/20220828_102535-768x432.jpg 768w, https:\/\/www.ff-waldneukirchen.at\/wp-content\/uploads\/2022\/08\/20220828_102535-1536x864.jpg 1536w, https:\/\/www.ff-waldneukirchen.at\/wp-content\/uploads\/2022\/08\/20220828_102535-2048x1152.jpg 2048w, https:\/\/www.ff-waldneukirchen.at\/wp-content\/uploads\/2022\/08\/20220828_102535-1870x1052.jpg 1870w, https:\/\/www.ff-waldneukirchen.at\/wp-content\/uploads\/2022\/08\/20220828_102535-400x225.jpg 400w, https:\/\/www.ff-waldneukirchen.at\/wp-content\/uploads\/2022\/08\/20220828_102535-800x450.jpg 800w\" sizes=\"auto, (max-width: 1024px) 100vw, 1024px\" \/><\/a><\/figure>\n\n\n\n<figure class=\"wp-block-image size-large\"><a href=\"https:\/\/www.ff-waldneukirchen.at\/wp-content\/uploads\/2022\/08\/IMG-20220828-WA0027.jpg\"><img loading=\"lazy\" decoding=\"async\" width=\"1024\" height=\"576\" data-attachment-id=\"8130\" data-permalink=\"https:\/\/www.ff-waldneukirchen.at\/?attachment_id=8130\" data-orig-file=\"https:\/\/www.ff-waldneukirchen.at\/wp-content\/uploads\/2022\/08\/IMG-20220828-WA0027.jpg\" data-orig-size=\"1599,899\" data-comments-opened=\"0\" data-image-meta=\"{&quot;aperture&quot;:&quot;0&quot;,&quot;credit&quot;:&quot;&quot;,&quot;camera&quot;:&quot;&quot;,&quot;caption&quot;:&quot;&quot;,&quot;created_timestamp&quot;:&quot;0&quot;,&quot;copyright&quot;:&quot;&quot;,&quot;focal_length&quot;:&quot;0&quot;,&quot;iso&quot;:&quot;0&quot;,&quot;shutter_speed&quot;:&quot;0&quot;,&quot;title&quot;:&quot;&quot;,&quot;orientation&quot;:&quot;0&quot;}\" data-image-title=\"IMG-20220828-WA0027\" data-image-description=\"\" data-image-caption=\"\" data-large-file=\"https:\/\/www.ff-waldneukirchen.at\/wp-content\/uploads\/2022\/08\/IMG-20220828-WA0027-1024x576.jpg\" data-id=\"8130\" src=\"https:\/\/www.ff-waldneukirchen.at\/wp-content\/uploads\/2022\/08\/IMG-20220828-WA0027-1024x576.jpg\" alt=\"\" class=\"wp-image-8130\" srcset=\"https:\/\/www.ff-waldneukirchen.at\/wp-content\/uploads\/2022\/08\/IMG-20220828-WA0027-1024x576.jpg 1024w, https:\/\/www.ff-waldneukirchen.at\/wp-content\/uploads\/2022\/08\/IMG-20220828-WA0027-300x169.jpg 300w, https:\/\/www.ff-waldneukirchen.at\/wp-content\/uploads\/2022\/08\/IMG-20220828-WA0027-768x432.jpg 768w, https:\/\/www.ff-waldneukirchen.at\/wp-content\/uploads\/2022\/08\/IMG-20220828-WA0027-1536x864.jpg 1536w, https:\/\/www.ff-waldneukirchen.at\/wp-content\/uploads\/2022\/08\/IMG-20220828-WA0027-400x225.jpg 400w, https:\/\/www.ff-waldneukirchen.at\/wp-content\/uploads\/2022\/08\/IMG-20220828-WA0027-800x450.jpg 800w, https:\/\/www.ff-waldneukirchen.at\/wp-content\/uploads\/2022\/08\/IMG-20220828-WA0027.jpg 1599w\" sizes=\"auto, (max-width: 1024px) 100vw, 1024px\" \/><\/a><\/figure>\n\n\n\n<figure class=\"wp-block-image size-large\"><a href=\"https:\/\/www.ff-waldneukirchen.at\/wp-content\/uploads\/2022\/08\/IMG-20220828-WA0028.jpg\"><img loading=\"lazy\" decoding=\"async\" width=\"1024\" height=\"576\" data-attachment-id=\"8131\" data-permalink=\"https:\/\/www.ff-waldneukirchen.at\/?attachment_id=8131\" data-orig-file=\"https:\/\/www.ff-waldneukirchen.at\/wp-content\/uploads\/2022\/08\/IMG-20220828-WA0028.jpg\" data-orig-size=\"1599,899\" data-comments-opened=\"0\" data-image-meta=\"{&quot;aperture&quot;:&quot;0&quot;,&quot;credit&quot;:&quot;&quot;,&quot;camera&quot;:&quot;&quot;,&quot;caption&quot;:&quot;&quot;,&quot;created_timestamp&quot;:&quot;0&quot;,&quot;copyright&quot;:&quot;&quot;,&quot;focal_length&quot;:&quot;0&quot;,&quot;iso&quot;:&quot;0&quot;,&quot;shutter_speed&quot;:&quot;0&quot;,&quot;title&quot;:&quot;&quot;,&quot;orientation&quot;:&quot;0&quot;}\" data-image-title=\"IMG-20220828-WA0028\" data-image-description=\"\" data-image-caption=\"\" data-large-file=\"https:\/\/www.ff-waldneukirchen.at\/wp-content\/uploads\/2022\/08\/IMG-20220828-WA0028-1024x576.jpg\" data-id=\"8131\" src=\"https:\/\/www.ff-waldneukirchen.at\/wp-content\/uploads\/2022\/08\/IMG-20220828-WA0028-1024x576.jpg\" alt=\"\" class=\"wp-image-8131\" srcset=\"https:\/\/www.ff-waldneukirchen.at\/wp-content\/uploads\/2022\/08\/IMG-20220828-WA0028-1024x576.jpg 1024w, https:\/\/www.ff-waldneukirchen.at\/wp-content\/uploads\/2022\/08\/IMG-20220828-WA0028-300x169.jpg 300w, https:\/\/www.ff-waldneukirchen.at\/wp-content\/uploads\/2022\/08\/IMG-20220828-WA0028-768x432.jpg 768w, https:\/\/www.ff-waldneukirchen.at\/wp-content\/uploads\/2022\/08\/IMG-20220828-WA0028-1536x864.jpg 1536w, https:\/\/www.ff-waldneukirchen.at\/wp-content\/uploads\/2022\/08\/IMG-20220828-WA0028-400x225.jpg 400w, https:\/\/www.ff-waldneukirchen.at\/wp-content\/uploads\/2022\/08\/IMG-20220828-WA0028-800x450.jpg 800w, https:\/\/www.ff-waldneukirchen.at\/wp-content\/uploads\/2022\/08\/IMG-20220828-WA0028.jpg 1599w\" sizes=\"auto, (max-width: 1024px) 100vw, 1024px\" \/><\/a><\/figure>\n<\/figure>\n","protected":false},"excerpt":{"rendered":"<p>Am 27. August 2022 in St. P\u00f6lten errang unsere Bewerbsgruppe 1 (BG1) den sensationellen 3. Platz! F\u00fcr den diesj\u00e4hrigen Bundesfeuerwehr-Leistungsbewerb qualifizierte sich unsere BG1 2018 und 2019 \u00fcber die jeweiligen Landesbewerbe als Gesamt 10. in der Silberwertung unseres Bundeslandes.<\/p>\n","protected":false},"author":1,"featured_media":8117,"comment_status":"closed","ping_status":"open","sticky":false,"template":"","format":"standard","meta":{"advgb_blocks_editor_width":"","advgb_blocks_columns_visual_guide":"","advanced_seo_description":"","jetpack_seo_html_title":"","jetpack_seo_noindex":false,"_jetpack_memberships_contains_paid_content":false,"footnotes":"","jetpack_publicize_message":"","jetpack_publicize_feature_enabled":true,"jetpack_social_post_already_shared":true,"jetpack_social_options":{"image_generator_settings":{"template":"highway","default_image_id":0,"font":"","enabled":false},"version":2}},"categories":[10],"tags":[],"class_list":["post-8115","post","type-post","status-publish","format-standard","has-post-thumbnail","hentry","category-bewerbe","has-thumbnail"],"author_meta":{"display_name":"Christoph Geyer","author_link":"https:\/\/www.ff-waldneukirchen.at\/?author=1"},"featured_img":"https:\/\/www.ff-waldneukirchen.at\/wp-content\/uploads\/2022\/08\/IMG_8621-300x225.jpg","jetpack_publicize_connections":[],"jetpack_featured_media_url":"https:\/\/www.ff-waldneukirchen.at\/wp-content\/uploads\/2022\/08\/IMG_8621.jpg","coauthors":[],"tax_additional":{"categories":{"linked":["<a href=\"https:\/\/www.ff-waldneukirchen.at\/?cat=10\" class=\"advgb-post-tax-term\">Bewerbe<\/a>"],"unlinked":["<span class=\"advgb-post-tax-term\">Bewerbe<\/span>"]}},"comment_count":"0","relative_dates":{"created":"Ver\u00f6ffentlicht 4\u00a0Jahren vor","modified":"Aktualisiert 2\u00a0Jahren vor"},"absolute_dates":{"created":"Ver\u00f6ffentlicht am 29\/08\/2022","modified":"Aktualisiert am 20\/09\/2024"},"absolute_dates_time":{"created":"Ver\u00f6ffentlicht am 29\/08\/2022 19:55","modified":"Aktualisiert am 20\/09\/2024 06:01"},"featured_img_caption":"","series_order":"","jetpack_sharing_enabled":true,"_links":{"self":[{"href":"https:\/\/www.ff-waldneukirchen.at\/index.php?rest_route=\/wp\/v2\/posts\/8115","targetHints":{"allow":["GET"]}}],"collection":[{"href":"https:\/\/www.ff-waldneukirchen.at\/index.php?rest_route=\/wp\/v2\/posts"}],"about":[{"href":"https:\/\/www.ff-waldneukirchen.at\/index.php?rest_route=\/wp\/v2\/types\/post"}],"author":[{"embeddable":true,"href":"https:\/\/www.ff-waldneukirchen.at\/index.php?rest_route=\/wp\/v2\/users\/1"}],"replies":[{"embeddable":true,"href":"https:\/\/www.ff-waldneukirchen.at\/index.php?rest_route=%2Fwp%2Fv2%2Fcomments&post=8115"}],"version-history":[{"count":0,"href":"https:\/\/www.ff-waldneukirchen.at\/index.php?rest_route=\/wp\/v2\/posts\/8115\/revisions"}],"wp:featuredmedia":[{"embeddable":true,"href":"https:\/\/www.ff-waldneukirchen.at\/index.php?rest_route=\/wp\/v2\/media\/8117"}],"wp:attachment":[{"href":"https:\/\/www.ff-waldneukirchen.at\/index.php?rest_route=%2Fwp%2Fv2%2Fmedia&parent=8115"}],"wp:term":[{"taxonomy":"category","embeddable":true,"href":"https:\/\/www.ff-waldneukirchen.at\/index.php?rest_route=%2Fwp%2Fv2%2Fcategories&post=8115"},{"taxonomy":"post_tag","embeddable":true,"href":"https:\/\/www.ff-waldneukirchen.at\/index.php?rest_route=%2Fwp%2Fv2%2Ftags&post=8115"}],"curies":[{"name":"wp","href":"https:\/\/api.w.org\/{rel}","templated":true}]}}