{"id":9229,"date":"2025-11-26T11:18:34","date_gmt":"2025-11-26T10:18:34","guid":{"rendered":"https:\/\/www.ff-waldneukirchen.at\/?p=9229"},"modified":"2025-11-26T18:38:01","modified_gmt":"2025-11-26T17:38:01","slug":"schulung-planspiel-im-feuerwehrhaus-waldneukirchen","status":"publish","type":"post","link":"https:\/\/www.ff-waldneukirchen.at\/?p=9229","title":{"rendered":"Schulung \u201ePlanspiel\u201c im Feuerwehrhaus Waldneukirchen"},"content":{"rendered":"\n<p>Am Montag den 24. November fand im Feuerwehrhaus Waldneukirchen eine besondere Schulung zum Thema \u201ePlanspiel\u201c statt. Bei einem Planspiel werden angenommene oder vergangene Eins\u00e4tze Schritt f\u00fcr Schritt nochmals durchgespielt und gemeinsam analysiert. Ziel dieser Ausbildungsform ist es, die Abl\u00e4ufe im Einsatz zu reflektieren, taktische Entscheidungen zu \u00fcben und die Zusammenarbeit innerhalb der Kameraden zu festigen.<\/p>\n\n\n\n<p>Zu Beginn der Schulung wurde ein gr\u00f6\u00dferes Beispiel in der gesamten Gruppe bearbeitet. Das Szenario stellte einen Bauernhausbrand in Waldneukirchen dar. Jeder Kamerad \u00fcbernahm dabei die Rolle eines Fahrzeugs der Alarmstufe I oder II. Der Einsatzleiter musste zun\u00e4chst eine Lageerkundung anhand der Karte durchf\u00fchren und sich anschlie\u00dfend Gedanken \u00fcber die weitere Vorgehensweise machen. Dazu geh\u00f6rte die Frage, wo die Fahrzeuge am besten positioniert werden, wie die Wasserversorgung sichergestellt werden kann und welche einsatztaktischen M\u00f6glichkeiten sich anbieten. Schrittweise trafen weitere Fahrzeuge zeitverz\u00f6gert ein, wie es auch im realen Einsatz der Fall ist, und \u00fcbernahmen ihre Aufgaben. Mehrere Relaisleitungen wurden aufgebaut, um eine stabile Wasserversorgung sicherzustellen. Eine Einsatzleitstelle sowie eine Atemschutzsammelstelle wurden eingerichtet, sodass ein realistischer Ablauf entstand. Nach erfolgreicher Brandbek\u00e4mpfung konnte schlie\u00dflich \u201eBrand aus\u201c gegeben werden. Im Anschluss erhielten die Kameraden ein kurzes Feedback, das die positiven Aspekte der \u00dcbung hervorhob.<\/p>\n\n\n\n<p>Im zweiten Teil der Schulung wurden die Kameraden in Kleingruppen aufgeteilt. Jede Gruppe bekam das gleiche Szenario und arbeitete dieses eigenst\u00e4ndig als Planspiel durch. Dabei mussten die Gruppen ihre Entscheidungen begr\u00fcnden, etwa warum sie bestimmte Fahrzeuge eingesetzt hatten, wie sie die L\u00f6schwasserversorgung organisiert hatten und welche taktischen Ma\u00dfnahmen sie f\u00fcr sinnvoll hielten. Nach der Bearbeitung pr\u00e4sentierten die Gruppen ihre Ergebnisse der gesamten Mannschaft. Es zeigte sich sehr schnell, dass die Vorgehensweisen der einzelnen Gruppen einander stark \u00e4hnelten. Dies ist ein deutliches Zeichen f\u00fcr den hohen Ausbildungsstand und die gute gemeinsame Basis innerhalb der Feuerwehr Waldneukirchen.<\/p>\n\n\n\n<p>Die Schulung war f\u00fcr alle Kameraden eine wertvolle Erfahrung. Sie bot die M\u00f6glichkeit, Eins\u00e4tze in einem sicheren Rahmen zu \u00fcben, Fehlerquellen zu erkennen und die Zusammenarbeit zu vertiefen. Gleichzeitig zeigte sich, dass die Kameraden \u00fcber ein einheitliches und solides Wissen verf\u00fcgen, das im Ernstfall von gro\u00dfer Bedeutung ist. Mit solchen Ausbildungsma\u00dfnahmen wird gew\u00e4hrleistet, dass die Feuerwehr Waldneukirchen jederzeit bestens vorbereitet ist, um im Einsatz schnell und effektiv helfen zu k\u00f6nnen.<\/p>\n\n\n\n<p>Zum Abschluss m\u00f6chte sich die Feuerwehr Waldneukirchen herzlich bei den Ausbildern bedanken, die diese Schulung vorbereitet und begleitet haben. Ein besonderer Dank gilt auch allen Kameraden, die sich die Zeit genommen haben, an dieser Ausbildung teilzunehmen und damit einen wichtigen Beitrag zur Einsatzbereitschaft und zum Zusammenhalt unserer Feuerwehr geleistet haben.<\/p>\n\n\n\n<p><\/p>\n\n\n\n<figure class=\"wp-block-gallery has-nested-images columns-default is-cropped wp-block-gallery-1 is-layout-flex wp-block-gallery-is-layout-flex\">\n<figure class=\"wp-block-image size-large\"><a href=\"https:\/\/www.ff-waldneukirchen.at\/wp-content\/uploads\/2025\/11\/WhatsApp-Image-2025-11-26-at-04.28.56-1.jpeg\"><img loading=\"lazy\" decoding=\"async\" width=\"1024\" height=\"769\" data-attachment-id=\"9234\" data-permalink=\"https:\/\/www.ff-waldneukirchen.at\/?attachment_id=9234\" data-orig-file=\"https:\/\/www.ff-waldneukirchen.at\/wp-content\/uploads\/2025\/11\/WhatsApp-Image-2025-11-26-at-04.28.56-1.jpeg\" data-orig-size=\"1600,1201\" data-comments-opened=\"0\" data-image-meta=\"{&quot;aperture&quot;:&quot;0&quot;,&quot;credit&quot;:&quot;&quot;,&quot;camera&quot;:&quot;&quot;,&quot;caption&quot;:&quot;&quot;,&quot;created_timestamp&quot;:&quot;0&quot;,&quot;copyright&quot;:&quot;&quot;,&quot;focal_length&quot;:&quot;0&quot;,&quot;iso&quot;:&quot;0&quot;,&quot;shutter_speed&quot;:&quot;0&quot;,&quot;title&quot;:&quot;&quot;,&quot;orientation&quot;:&quot;0&quot;}\" data-image-title=\"WhatsApp Image 2025-11-26 at 04.28.56 (1)\" data-image-description=\"\" data-image-caption=\"\" data-large-file=\"https:\/\/www.ff-waldneukirchen.at\/wp-content\/uploads\/2025\/11\/WhatsApp-Image-2025-11-26-at-04.28.56-1-1024x769.jpeg\" data-id=\"9234\" src=\"https:\/\/www.ff-waldneukirchen.at\/wp-content\/uploads\/2025\/11\/WhatsApp-Image-2025-11-26-at-04.28.56-1-1024x769.jpeg\" alt=\"\" class=\"wp-image-9234\" srcset=\"https:\/\/www.ff-waldneukirchen.at\/wp-content\/uploads\/2025\/11\/WhatsApp-Image-2025-11-26-at-04.28.56-1-1024x769.jpeg 1024w, https:\/\/www.ff-waldneukirchen.at\/wp-content\/uploads\/2025\/11\/WhatsApp-Image-2025-11-26-at-04.28.56-1-300x225.jpeg 300w, https:\/\/www.ff-waldneukirchen.at\/wp-content\/uploads\/2025\/11\/WhatsApp-Image-2025-11-26-at-04.28.56-1-768x576.jpeg 768w, https:\/\/www.ff-waldneukirchen.at\/wp-content\/uploads\/2025\/11\/WhatsApp-Image-2025-11-26-at-04.28.56-1-1536x1153.jpeg 1536w, https:\/\/www.ff-waldneukirchen.at\/wp-content\/uploads\/2025\/11\/WhatsApp-Image-2025-11-26-at-04.28.56-1-400x300.jpeg 400w, https:\/\/www.ff-waldneukirchen.at\/wp-content\/uploads\/2025\/11\/WhatsApp-Image-2025-11-26-at-04.28.56-1-800x601.jpeg 800w, https:\/\/www.ff-waldneukirchen.at\/wp-content\/uploads\/2025\/11\/WhatsApp-Image-2025-11-26-at-04.28.56-1.jpeg 1600w\" sizes=\"auto, (max-width: 1024px) 100vw, 1024px\" \/><\/a><\/figure>\n\n\n\n<figure class=\"wp-block-image size-large\"><a href=\"https:\/\/www.ff-waldneukirchen.at\/wp-content\/uploads\/2025\/11\/WhatsApp-Image-2025-11-26-at-04.28.56-2.jpeg\"><img loading=\"lazy\" decoding=\"async\" width=\"1024\" height=\"768\" data-attachment-id=\"9233\" data-permalink=\"https:\/\/www.ff-waldneukirchen.at\/?attachment_id=9233\" data-orig-file=\"https:\/\/www.ff-waldneukirchen.at\/wp-content\/uploads\/2025\/11\/WhatsApp-Image-2025-11-26-at-04.28.56-2.jpeg\" data-orig-size=\"1600,1200\" data-comments-opened=\"0\" data-image-meta=\"{&quot;aperture&quot;:&quot;0&quot;,&quot;credit&quot;:&quot;&quot;,&quot;camera&quot;:&quot;&quot;,&quot;caption&quot;:&quot;&quot;,&quot;created_timestamp&quot;:&quot;0&quot;,&quot;copyright&quot;:&quot;&quot;,&quot;focal_length&quot;:&quot;0&quot;,&quot;iso&quot;:&quot;0&quot;,&quot;shutter_speed&quot;:&quot;0&quot;,&quot;title&quot;:&quot;&quot;,&quot;orientation&quot;:&quot;0&quot;}\" data-image-title=\"WhatsApp Image 2025-11-26 at 04.28.56 (2)\" data-image-description=\"\" data-image-caption=\"\" data-large-file=\"https:\/\/www.ff-waldneukirchen.at\/wp-content\/uploads\/2025\/11\/WhatsApp-Image-2025-11-26-at-04.28.56-2-1024x768.jpeg\" data-id=\"9233\" src=\"https:\/\/www.ff-waldneukirchen.at\/wp-content\/uploads\/2025\/11\/WhatsApp-Image-2025-11-26-at-04.28.56-2-1024x768.jpeg\" alt=\"\" class=\"wp-image-9233\" srcset=\"https:\/\/www.ff-waldneukirchen.at\/wp-content\/uploads\/2025\/11\/WhatsApp-Image-2025-11-26-at-04.28.56-2-1024x768.jpeg 1024w, https:\/\/www.ff-waldneukirchen.at\/wp-content\/uploads\/2025\/11\/WhatsApp-Image-2025-11-26-at-04.28.56-2-300x225.jpeg 300w, https:\/\/www.ff-waldneukirchen.at\/wp-content\/uploads\/2025\/11\/WhatsApp-Image-2025-11-26-at-04.28.56-2-768x576.jpeg 768w, https:\/\/www.ff-waldneukirchen.at\/wp-content\/uploads\/2025\/11\/WhatsApp-Image-2025-11-26-at-04.28.56-2-1536x1152.jpeg 1536w, https:\/\/www.ff-waldneukirchen.at\/wp-content\/uploads\/2025\/11\/WhatsApp-Image-2025-11-26-at-04.28.56-2-400x300.jpeg 400w, https:\/\/www.ff-waldneukirchen.at\/wp-content\/uploads\/2025\/11\/WhatsApp-Image-2025-11-26-at-04.28.56-2-800x600.jpeg 800w, https:\/\/www.ff-waldneukirchen.at\/wp-content\/uploads\/2025\/11\/WhatsApp-Image-2025-11-26-at-04.28.56-2.jpeg 1600w\" sizes=\"auto, (max-width: 1024px) 100vw, 1024px\" \/><\/a><\/figure>\n\n\n\n<figure class=\"wp-block-image size-large\"><a href=\"https:\/\/www.ff-waldneukirchen.at\/wp-content\/uploads\/2025\/11\/WhatsApp-Image-2025-11-26-at-04.28.56.jpeg\"><img loading=\"lazy\" decoding=\"async\" width=\"1024\" height=\"768\" data-attachment-id=\"9235\" data-permalink=\"https:\/\/www.ff-waldneukirchen.at\/?attachment_id=9235\" data-orig-file=\"https:\/\/www.ff-waldneukirchen.at\/wp-content\/uploads\/2025\/11\/WhatsApp-Image-2025-11-26-at-04.28.56.jpeg\" data-orig-size=\"1600,1200\" data-comments-opened=\"0\" data-image-meta=\"{&quot;aperture&quot;:&quot;0&quot;,&quot;credit&quot;:&quot;&quot;,&quot;camera&quot;:&quot;&quot;,&quot;caption&quot;:&quot;&quot;,&quot;created_timestamp&quot;:&quot;0&quot;,&quot;copyright&quot;:&quot;&quot;,&quot;focal_length&quot;:&quot;0&quot;,&quot;iso&quot;:&quot;0&quot;,&quot;shutter_speed&quot;:&quot;0&quot;,&quot;title&quot;:&quot;&quot;,&quot;orientation&quot;:&quot;0&quot;}\" data-image-title=\"WhatsApp Image 2025-11-26 at 04.28.56\" data-image-description=\"\" data-image-caption=\"\" data-large-file=\"https:\/\/www.ff-waldneukirchen.at\/wp-content\/uploads\/2025\/11\/WhatsApp-Image-2025-11-26-at-04.28.56-1024x768.jpeg\" data-id=\"9235\" src=\"https:\/\/www.ff-waldneukirchen.at\/wp-content\/uploads\/2025\/11\/WhatsApp-Image-2025-11-26-at-04.28.56-1024x768.jpeg\" alt=\"\" class=\"wp-image-9235\" srcset=\"https:\/\/www.ff-waldneukirchen.at\/wp-content\/uploads\/2025\/11\/WhatsApp-Image-2025-11-26-at-04.28.56-1024x768.jpeg 1024w, https:\/\/www.ff-waldneukirchen.at\/wp-content\/uploads\/2025\/11\/WhatsApp-Image-2025-11-26-at-04.28.56-300x225.jpeg 300w, https:\/\/www.ff-waldneukirchen.at\/wp-content\/uploads\/2025\/11\/WhatsApp-Image-2025-11-26-at-04.28.56-768x576.jpeg 768w, https:\/\/www.ff-waldneukirchen.at\/wp-content\/uploads\/2025\/11\/WhatsApp-Image-2025-11-26-at-04.28.56-1536x1152.jpeg 1536w, https:\/\/www.ff-waldneukirchen.at\/wp-content\/uploads\/2025\/11\/WhatsApp-Image-2025-11-26-at-04.28.56-400x300.jpeg 400w, https:\/\/www.ff-waldneukirchen.at\/wp-content\/uploads\/2025\/11\/WhatsApp-Image-2025-11-26-at-04.28.56-800x600.jpeg 800w, https:\/\/www.ff-waldneukirchen.at\/wp-content\/uploads\/2025\/11\/WhatsApp-Image-2025-11-26-at-04.28.56.jpeg 1600w\" sizes=\"auto, (max-width: 1024px) 100vw, 1024px\" \/><\/a><\/figure>\n\n\n\n<figure class=\"wp-block-image size-large\"><a href=\"https:\/\/www.ff-waldneukirchen.at\/wp-content\/uploads\/2025\/11\/WhatsApp-Image-2025-11-26-at-04.28.56-3.jpeg\"><img loading=\"lazy\" decoding=\"async\" width=\"1024\" height=\"768\" data-attachment-id=\"9232\" data-permalink=\"https:\/\/www.ff-waldneukirchen.at\/?attachment_id=9232\" data-orig-file=\"https:\/\/www.ff-waldneukirchen.at\/wp-content\/uploads\/2025\/11\/WhatsApp-Image-2025-11-26-at-04.28.56-3.jpeg\" data-orig-size=\"1600,1200\" data-comments-opened=\"0\" data-image-meta=\"{&quot;aperture&quot;:&quot;0&quot;,&quot;credit&quot;:&quot;&quot;,&quot;camera&quot;:&quot;&quot;,&quot;caption&quot;:&quot;&quot;,&quot;created_timestamp&quot;:&quot;0&quot;,&quot;copyright&quot;:&quot;&quot;,&quot;focal_length&quot;:&quot;0&quot;,&quot;iso&quot;:&quot;0&quot;,&quot;shutter_speed&quot;:&quot;0&quot;,&quot;title&quot;:&quot;&quot;,&quot;orientation&quot;:&quot;0&quot;}\" data-image-title=\"WhatsApp Image 2025-11-26 at 04.28.56 (3)\" data-image-description=\"\" data-image-caption=\"\" data-large-file=\"https:\/\/www.ff-waldneukirchen.at\/wp-content\/uploads\/2025\/11\/WhatsApp-Image-2025-11-26-at-04.28.56-3-1024x768.jpeg\" data-id=\"9232\" src=\"https:\/\/www.ff-waldneukirchen.at\/wp-content\/uploads\/2025\/11\/WhatsApp-Image-2025-11-26-at-04.28.56-3-1024x768.jpeg\" alt=\"\" class=\"wp-image-9232\" srcset=\"https:\/\/www.ff-waldneukirchen.at\/wp-content\/uploads\/2025\/11\/WhatsApp-Image-2025-11-26-at-04.28.56-3-1024x768.jpeg 1024w, https:\/\/www.ff-waldneukirchen.at\/wp-content\/uploads\/2025\/11\/WhatsApp-Image-2025-11-26-at-04.28.56-3-300x225.jpeg 300w, https:\/\/www.ff-waldneukirchen.at\/wp-content\/uploads\/2025\/11\/WhatsApp-Image-2025-11-26-at-04.28.56-3-768x576.jpeg 768w, https:\/\/www.ff-waldneukirchen.at\/wp-content\/uploads\/2025\/11\/WhatsApp-Image-2025-11-26-at-04.28.56-3-1536x1152.jpeg 1536w, https:\/\/www.ff-waldneukirchen.at\/wp-content\/uploads\/2025\/11\/WhatsApp-Image-2025-11-26-at-04.28.56-3-400x300.jpeg 400w, https:\/\/www.ff-waldneukirchen.at\/wp-content\/uploads\/2025\/11\/WhatsApp-Image-2025-11-26-at-04.28.56-3-800x600.jpeg 800w, https:\/\/www.ff-waldneukirchen.at\/wp-content\/uploads\/2025\/11\/WhatsApp-Image-2025-11-26-at-04.28.56-3.jpeg 1600w\" sizes=\"auto, (max-width: 1024px) 100vw, 1024px\" \/><\/a><\/figure>\n\n\n\n<figure class=\"wp-block-image size-large\"><a href=\"https:\/\/www.ff-waldneukirchen.at\/wp-content\/uploads\/2025\/11\/WhatsApp-Image-2025-11-26-at-04.28.57.jpeg\"><img loading=\"lazy\" decoding=\"async\" width=\"1024\" height=\"768\" data-attachment-id=\"9231\" data-permalink=\"https:\/\/www.ff-waldneukirchen.at\/?attachment_id=9231\" data-orig-file=\"https:\/\/www.ff-waldneukirchen.at\/wp-content\/uploads\/2025\/11\/WhatsApp-Image-2025-11-26-at-04.28.57.jpeg\" data-orig-size=\"1600,1200\" data-comments-opened=\"0\" data-image-meta=\"{&quot;aperture&quot;:&quot;0&quot;,&quot;credit&quot;:&quot;&quot;,&quot;camera&quot;:&quot;&quot;,&quot;caption&quot;:&quot;&quot;,&quot;created_timestamp&quot;:&quot;0&quot;,&quot;copyright&quot;:&quot;&quot;,&quot;focal_length&quot;:&quot;0&quot;,&quot;iso&quot;:&quot;0&quot;,&quot;shutter_speed&quot;:&quot;0&quot;,&quot;title&quot;:&quot;&quot;,&quot;orientation&quot;:&quot;0&quot;}\" data-image-title=\"WhatsApp Image 2025-11-26 at 04.28.57\" data-image-description=\"\" data-image-caption=\"\" data-large-file=\"https:\/\/www.ff-waldneukirchen.at\/wp-content\/uploads\/2025\/11\/WhatsApp-Image-2025-11-26-at-04.28.57-1024x768.jpeg\" data-id=\"9231\" src=\"https:\/\/www.ff-waldneukirchen.at\/wp-content\/uploads\/2025\/11\/WhatsApp-Image-2025-11-26-at-04.28.57-1024x768.jpeg\" alt=\"\" class=\"wp-image-9231\" srcset=\"https:\/\/www.ff-waldneukirchen.at\/wp-content\/uploads\/2025\/11\/WhatsApp-Image-2025-11-26-at-04.28.57-1024x768.jpeg 1024w, https:\/\/www.ff-waldneukirchen.at\/wp-content\/uploads\/2025\/11\/WhatsApp-Image-2025-11-26-at-04.28.57-300x225.jpeg 300w, https:\/\/www.ff-waldneukirchen.at\/wp-content\/uploads\/2025\/11\/WhatsApp-Image-2025-11-26-at-04.28.57-768x576.jpeg 768w, https:\/\/www.ff-waldneukirchen.at\/wp-content\/uploads\/2025\/11\/WhatsApp-Image-2025-11-26-at-04.28.57-1536x1152.jpeg 1536w, https:\/\/www.ff-waldneukirchen.at\/wp-content\/uploads\/2025\/11\/WhatsApp-Image-2025-11-26-at-04.28.57-400x300.jpeg 400w, https:\/\/www.ff-waldneukirchen.at\/wp-content\/uploads\/2025\/11\/WhatsApp-Image-2025-11-26-at-04.28.57-800x600.jpeg 800w, https:\/\/www.ff-waldneukirchen.at\/wp-content\/uploads\/2025\/11\/WhatsApp-Image-2025-11-26-at-04.28.57.jpeg 1600w\" sizes=\"auto, (max-width: 1024px) 100vw, 1024px\" \/><\/a><\/figure>\n<\/figure>\n","protected":false},"excerpt":{"rendered":"<p>Am Montag den 24. November fand im Feuerwehrhaus Waldneukirchen eine besondere Schulung zum Thema \u201ePlanspiel\u201c statt. Bei einem Planspiel werden angenommene oder vergangene Eins\u00e4tze Schritt f\u00fcr Schritt nochmals durchgespielt und gemeinsam analysiert. Ziel dieser Ausbildungsform ist es, die Abl\u00e4ufe im Einsatz zu reflektieren, taktische Entscheidungen zu \u00fcben und die Zusammenarbeit innerhalb der Kameraden zu festigen. [&hellip;]<\/p>\n","protected":false},"author":1,"featured_media":9236,"comment_status":"closed","ping_status":"open","sticky":false,"template":"","format":"standard","meta":{"advgb_blocks_editor_width":"","advgb_blocks_columns_visual_guide":"","advanced_seo_description":"","jetpack_seo_html_title":"","jetpack_seo_noindex":false,"_jetpack_memberships_contains_paid_content":false,"footnotes":"","jetpack_publicize_message":"","jetpack_publicize_feature_enabled":true,"jetpack_social_post_already_shared":true,"jetpack_social_options":{"image_generator_settings":{"template":"highway","default_image_id":0,"font":"","enabled":false},"version":2}},"categories":[2,36],"tags":[],"class_list":["post-9229","post","type-post","status-publish","format-standard","has-post-thumbnail","hentry","category-aktuell","category-ausbildung","has-thumbnail"],"author_meta":{"display_name":"Christoph Geyer","author_link":"https:\/\/www.ff-waldneukirchen.at\/?author=1"},"featured_img":"https:\/\/www.ff-waldneukirchen.at\/wp-content\/uploads\/2025\/11\/WhatsApp-Image-2025-11-26-at-04.28.56-4-300x225.jpeg","jetpack_publicize_connections":[],"jetpack_featured_media_url":"https:\/\/www.ff-waldneukirchen.at\/wp-content\/uploads\/2025\/11\/WhatsApp-Image-2025-11-26-at-04.28.56-4.jpeg","coauthors":[],"tax_additional":{"categories":{"linked":["<a href=\"https:\/\/www.ff-waldneukirchen.at\/?cat=2\" class=\"advgb-post-tax-term\">Aktuell<\/a>","<a href=\"https:\/\/www.ff-waldneukirchen.at\/?cat=36\" class=\"advgb-post-tax-term\">Ausbildung<\/a>"],"unlinked":["<span class=\"advgb-post-tax-term\">Aktuell<\/span>","<span class=\"advgb-post-tax-term\">Ausbildung<\/span>"]}},"comment_count":"0","relative_dates":{"created":"Ver\u00f6ffentlicht 5\u00a0Monaten vor","modified":"Aktualisiert 5\u00a0Monaten vor"},"absolute_dates":{"created":"Ver\u00f6ffentlicht am 26\/11\/2025","modified":"Aktualisiert am 26\/11\/2025"},"absolute_dates_time":{"created":"Ver\u00f6ffentlicht am 26\/11\/2025 11:18","modified":"Aktualisiert am 26\/11\/2025 18:38"},"featured_img_caption":"","series_order":"","jetpack_sharing_enabled":true,"_links":{"self":[{"href":"https:\/\/www.ff-waldneukirchen.at\/index.php?rest_route=\/wp\/v2\/posts\/9229","targetHints":{"allow":["GET"]}}],"collection":[{"href":"https:\/\/www.ff-waldneukirchen.at\/index.php?rest_route=\/wp\/v2\/posts"}],"about":[{"href":"https:\/\/www.ff-waldneukirchen.at\/index.php?rest_route=\/wp\/v2\/types\/post"}],"author":[{"embeddable":true,"href":"https:\/\/www.ff-waldneukirchen.at\/index.php?rest_route=\/wp\/v2\/users\/1"}],"replies":[{"embeddable":true,"href":"https:\/\/www.ff-waldneukirchen.at\/index.php?rest_route=%2Fwp%2Fv2%2Fcomments&post=9229"}],"version-history":[{"count":3,"href":"https:\/\/www.ff-waldneukirchen.at\/index.php?rest_route=\/wp\/v2\/posts\/9229\/revisions"}],"predecessor-version":[{"id":9238,"href":"https:\/\/www.ff-waldneukirchen.at\/index.php?rest_route=\/wp\/v2\/posts\/9229\/revisions\/9238"}],"wp:featuredmedia":[{"embeddable":true,"href":"https:\/\/www.ff-waldneukirchen.at\/index.php?rest_route=\/wp\/v2\/media\/9236"}],"wp:attachment":[{"href":"https:\/\/www.ff-waldneukirchen.at\/index.php?rest_route=%2Fwp%2Fv2%2Fmedia&parent=9229"}],"wp:term":[{"taxonomy":"category","embeddable":true,"href":"https:\/\/www.ff-waldneukirchen.at\/index.php?rest_route=%2Fwp%2Fv2%2Fcategories&post=9229"},{"taxonomy":"post_tag","embeddable":true,"href":"https:\/\/www.ff-waldneukirchen.at\/index.php?rest_route=%2Fwp%2Fv2%2Ftags&post=9229"}],"curies":[{"name":"wp","href":"https:\/\/api.w.org\/{rel}","templated":true}]}}