{"id":9331,"date":"2026-04-26T19:59:24","date_gmt":"2026-04-26T18:59:24","guid":{"rendered":"https:\/\/www.ff-waldneukirchen.at\/?p=9331"},"modified":"2026-04-26T19:59:24","modified_gmt":"2026-04-26T18:59:24","slug":"kindergarten-zu-besuch","status":"publish","type":"post","link":"https:\/\/www.ff-waldneukirchen.at\/?p=9331","title":{"rendered":"Kindergarten zu Besuch"},"content":{"rendered":"\n<p>Gestern hatten wir das Vergn\u00fcgen, eine Gruppe von Kindergartenkindern bei uns zu begr\u00fc\u00dfen. Wir zeigten den Kindern unsere Einsatzfahrzeuge und die Ausr\u00fcstung. Wer wollte, durfte auch am Lenkrad Platz nehmen oder sogar ein Strahlrohr f\u00fchren. Mit der W\u00e4rmebildkamera zeigten wir den Kindern, wie wir im Einsatz Verletzte oder Brandherde aufsp\u00fcren k\u00f6nnen und Alexander schl\u00fcpfte kurz in eine Atemschutzmontur, um zu zeigen, dass man sich vor Atemschutztr\u00e4gern nicht f\u00fcrchten muss.<\/p>\n\n\n\n<figure class=\"wp-block-gallery has-nested-images columns-default is-cropped wp-block-gallery-1 is-layout-flex wp-block-gallery-is-layout-flex\">\n<figure class=\"wp-block-image size-large\"><a href=\"https:\/\/www.ff-waldneukirchen.at\/wp-content\/uploads\/2026\/04\/20260413_091555-scaled.jpg\"><img loading=\"lazy\" decoding=\"async\" width=\"768\" height=\"1024\" data-attachment-id=\"9341\" data-permalink=\"https:\/\/www.ff-waldneukirchen.at\/?attachment_id=9341\" data-orig-file=\"https:\/\/www.ff-waldneukirchen.at\/wp-content\/uploads\/2026\/04\/20260413_091555-scaled.jpg\" data-orig-size=\"1920,2560\" data-comments-opened=\"0\" data-image-meta=\"{&quot;aperture&quot;:&quot;1.8&quot;,&quot;credit&quot;:&quot;&quot;,&quot;camera&quot;:&quot;Galaxy A15&quot;,&quot;caption&quot;:&quot;&quot;,&quot;created_timestamp&quot;:&quot;1776071755&quot;,&quot;copyright&quot;:&quot;&quot;,&quot;focal_length&quot;:&quot;3.98&quot;,&quot;iso&quot;:&quot;200&quot;,&quot;shutter_speed&quot;:&quot;0.019995&quot;,&quot;title&quot;:&quot;&quot;,&quot;orientation&quot;:&quot;1&quot;}\" data-image-title=\"20260413_091555\" data-image-description=\"\" data-image-caption=\"\" data-large-file=\"https:\/\/www.ff-waldneukirchen.at\/wp-content\/uploads\/2026\/04\/20260413_091555-768x1024.jpg\" data-id=\"9341\" src=\"https:\/\/www.ff-waldneukirchen.at\/wp-content\/uploads\/2026\/04\/20260413_091555-768x1024.jpg\" alt=\"\" class=\"wp-image-9341\" srcset=\"https:\/\/www.ff-waldneukirchen.at\/wp-content\/uploads\/2026\/04\/20260413_091555-768x1024.jpg 768w, https:\/\/www.ff-waldneukirchen.at\/wp-content\/uploads\/2026\/04\/20260413_091555-225x300.jpg 225w, https:\/\/www.ff-waldneukirchen.at\/wp-content\/uploads\/2026\/04\/20260413_091555-1152x1536.jpg 1152w, https:\/\/www.ff-waldneukirchen.at\/wp-content\/uploads\/2026\/04\/20260413_091555-1536x2048.jpg 1536w, https:\/\/www.ff-waldneukirchen.at\/wp-content\/uploads\/2026\/04\/20260413_091555-1870x2493.jpg 1870w, https:\/\/www.ff-waldneukirchen.at\/wp-content\/uploads\/2026\/04\/20260413_091555-400x533.jpg 400w, https:\/\/www.ff-waldneukirchen.at\/wp-content\/uploads\/2026\/04\/20260413_091555-800x1067.jpg 800w, https:\/\/www.ff-waldneukirchen.at\/wp-content\/uploads\/2026\/04\/20260413_091555-scaled.jpg 1920w\" sizes=\"auto, (max-width: 768px) 100vw, 768px\" \/><\/a><\/figure>\n\n\n\n<figure class=\"wp-block-image size-large\"><a href=\"https:\/\/www.ff-waldneukirchen.at\/wp-content\/uploads\/2026\/04\/20260413_092146.jpg\"><img decoding=\"async\" data-attachment-id=\"9340\" data-permalink=\"https:\/\/www.ff-waldneukirchen.at\/?attachment_id=9340\" data-orig-file=\"https:\/\/www.ff-waldneukirchen.at\/wp-content\/uploads\/2026\/04\/20260413_092146.jpg\" data-orig-size=\"\" data-comments-opened=\"0\" data-image-meta=\"[]\" data-image-title=\"20260413_092146\" data-image-description=\"\" data-image-caption=\"\" data-large-file=\"https:\/\/www.ff-waldneukirchen.at\/wp-content\/uploads\/2026\/04\/20260413_092146.jpg\" data-id=\"9340\" src=\"https:\/\/www.ff-waldneukirchen.at\/wp-content\/uploads\/2026\/04\/20260413_092146.jpg\" alt=\"\" class=\"wp-image-9340\"\/><\/a><\/figure>\n\n\n\n<figure class=\"wp-block-image size-large\"><a href=\"https:\/\/www.ff-waldneukirchen.at\/wp-content\/uploads\/2026\/04\/20260413_091920.jpg\"><img decoding=\"async\" data-attachment-id=\"9339\" data-permalink=\"https:\/\/www.ff-waldneukirchen.at\/?attachment_id=9339\" data-orig-file=\"https:\/\/www.ff-waldneukirchen.at\/wp-content\/uploads\/2026\/04\/20260413_091920.jpg\" data-orig-size=\"\" data-comments-opened=\"0\" data-image-meta=\"[]\" data-image-title=\"20260413_091920\" data-image-description=\"\" data-image-caption=\"\" data-large-file=\"https:\/\/www.ff-waldneukirchen.at\/wp-content\/uploads\/2026\/04\/20260413_091920.jpg\" data-id=\"9339\" src=\"https:\/\/www.ff-waldneukirchen.at\/wp-content\/uploads\/2026\/04\/20260413_091920.jpg\" alt=\"\" class=\"wp-image-9339\"\/><\/a><\/figure>\n\n\n\n<figure class=\"wp-block-image size-large\"><a href=\"https:\/\/www.ff-waldneukirchen.at\/wp-content\/uploads\/2026\/04\/20260413_092957.jpg\"><img decoding=\"async\" data-attachment-id=\"9337\" data-permalink=\"https:\/\/www.ff-waldneukirchen.at\/?attachment_id=9337\" data-orig-file=\"https:\/\/www.ff-waldneukirchen.at\/wp-content\/uploads\/2026\/04\/20260413_092957.jpg\" data-orig-size=\"\" data-comments-opened=\"0\" data-image-meta=\"[]\" data-image-title=\"20260413_092957\" data-image-description=\"\" data-image-caption=\"\" data-large-file=\"https:\/\/www.ff-waldneukirchen.at\/wp-content\/uploads\/2026\/04\/20260413_092957.jpg\" data-id=\"9337\" src=\"https:\/\/www.ff-waldneukirchen.at\/wp-content\/uploads\/2026\/04\/20260413_092957.jpg\" alt=\"\" class=\"wp-image-9337\"\/><\/a><\/figure>\n\n\n\n<figure class=\"wp-block-image size-large\"><a href=\"https:\/\/www.ff-waldneukirchen.at\/wp-content\/uploads\/2026\/04\/20260413_090301.jpg\"><img decoding=\"async\" data-attachment-id=\"9336\" data-permalink=\"https:\/\/www.ff-waldneukirchen.at\/?attachment_id=9336\" data-orig-file=\"https:\/\/www.ff-waldneukirchen.at\/wp-content\/uploads\/2026\/04\/20260413_090301.jpg\" data-orig-size=\"\" data-comments-opened=\"0\" data-image-meta=\"[]\" data-image-title=\"20260413_090301\" data-image-description=\"\" data-image-caption=\"\" data-large-file=\"https:\/\/www.ff-waldneukirchen.at\/wp-content\/uploads\/2026\/04\/20260413_090301.jpg\" data-id=\"9336\" src=\"https:\/\/www.ff-waldneukirchen.at\/wp-content\/uploads\/2026\/04\/20260413_090301.jpg\" alt=\"\" class=\"wp-image-9336\"\/><\/a><\/figure>\n\n\n\n<figure class=\"wp-block-image size-large\"><a href=\"https:\/\/www.ff-waldneukirchen.at\/wp-content\/uploads\/2026\/04\/20260413_103000.jpg\"><img decoding=\"async\" data-attachment-id=\"9335\" data-permalink=\"https:\/\/www.ff-waldneukirchen.at\/?attachment_id=9335\" data-orig-file=\"https:\/\/www.ff-waldneukirchen.at\/wp-content\/uploads\/2026\/04\/20260413_103000.jpg\" data-orig-size=\"\" data-comments-opened=\"0\" data-image-meta=\"[]\" data-image-title=\"20260413_103000\" data-image-description=\"\" data-image-caption=\"\" data-large-file=\"https:\/\/www.ff-waldneukirchen.at\/wp-content\/uploads\/2026\/04\/20260413_103000.jpg\" data-id=\"9335\" src=\"https:\/\/www.ff-waldneukirchen.at\/wp-content\/uploads\/2026\/04\/20260413_103000.jpg\" alt=\"\" class=\"wp-image-9335\"\/><\/a><\/figure>\n\n\n\n<figure class=\"wp-block-image size-large\"><a href=\"https:\/\/www.ff-waldneukirchen.at\/wp-content\/uploads\/2026\/04\/20260413_093337.jpg\"><img decoding=\"async\" data-attachment-id=\"9333\" data-permalink=\"https:\/\/www.ff-waldneukirchen.at\/?attachment_id=9333\" data-orig-file=\"https:\/\/www.ff-waldneukirchen.at\/wp-content\/uploads\/2026\/04\/20260413_093337.jpg\" data-orig-size=\"\" data-comments-opened=\"0\" data-image-meta=\"[]\" data-image-title=\"20260413_093337\" data-image-description=\"\" data-image-caption=\"\" data-large-file=\"https:\/\/www.ff-waldneukirchen.at\/wp-content\/uploads\/2026\/04\/20260413_093337.jpg\" data-id=\"9333\" src=\"https:\/\/www.ff-waldneukirchen.at\/wp-content\/uploads\/2026\/04\/20260413_093337.jpg\" alt=\"\" class=\"wp-image-9333\"\/><\/a><\/figure>\n\n\n\n<figure class=\"wp-block-image size-large\"><a href=\"https:\/\/www.ff-waldneukirchen.at\/wp-content\/uploads\/2026\/04\/20260413_094101.jpg\"><img decoding=\"async\" data-attachment-id=\"9334\" data-permalink=\"https:\/\/www.ff-waldneukirchen.at\/?attachment_id=9334\" data-orig-file=\"https:\/\/www.ff-waldneukirchen.at\/wp-content\/uploads\/2026\/04\/20260413_094101.jpg\" data-orig-size=\"\" data-comments-opened=\"0\" data-image-meta=\"[]\" data-image-title=\"20260413_094101\" data-image-description=\"\" data-image-caption=\"\" data-large-file=\"https:\/\/www.ff-waldneukirchen.at\/wp-content\/uploads\/2026\/04\/20260413_094101.jpg\" data-id=\"9334\" src=\"https:\/\/www.ff-waldneukirchen.at\/wp-content\/uploads\/2026\/04\/20260413_094101.jpg\" alt=\"\" class=\"wp-image-9334\"\/><\/a><\/figure>\n\n\n\n<figure class=\"wp-block-image size-large\"><a href=\"https:\/\/www.ff-waldneukirchen.at\/wp-content\/uploads\/2026\/04\/20260413_093032.jpg\"><img decoding=\"async\" data-attachment-id=\"9332\" data-permalink=\"https:\/\/www.ff-waldneukirchen.at\/?attachment_id=9332\" data-orig-file=\"https:\/\/www.ff-waldneukirchen.at\/wp-content\/uploads\/2026\/04\/20260413_093032.jpg\" data-orig-size=\"\" data-comments-opened=\"0\" data-image-meta=\"[]\" data-image-title=\"20260413_093032\" data-image-description=\"\" data-image-caption=\"\" data-large-file=\"https:\/\/www.ff-waldneukirchen.at\/wp-content\/uploads\/2026\/04\/20260413_093032.jpg\" data-id=\"9332\" src=\"https:\/\/www.ff-waldneukirchen.at\/wp-content\/uploads\/2026\/04\/20260413_093032.jpg\" alt=\"\" class=\"wp-image-9332\"\/><\/a><\/figure>\n\n\n\n<figure class=\"wp-block-image size-large\"><a href=\"https:\/\/www.ff-waldneukirchen.at\/wp-content\/uploads\/2026\/04\/20260413_090407-scaled.jpg\"><img loading=\"lazy\" decoding=\"async\" width=\"2560\" height=\"1920\" data-attachment-id=\"9338\" data-permalink=\"https:\/\/www.ff-waldneukirchen.at\/?attachment_id=9338\" data-orig-file=\"https:\/\/www.ff-waldneukirchen.at\/wp-content\/uploads\/2026\/04\/20260413_090407-scaled.jpg\" data-orig-size=\"2560,1920\" data-comments-opened=\"0\" data-image-meta=\"{&quot;aperture&quot;:&quot;1.8&quot;,&quot;credit&quot;:&quot;&quot;,&quot;camera&quot;:&quot;Galaxy A15&quot;,&quot;caption&quot;:&quot;&quot;,&quot;created_timestamp&quot;:&quot;1776071048&quot;,&quot;copyright&quot;:&quot;&quot;,&quot;focal_length&quot;:&quot;3.98&quot;,&quot;iso&quot;:&quot;250&quot;,&quot;shutter_speed&quot;:&quot;0.039999&quot;,&quot;title&quot;:&quot;&quot;,&quot;orientation&quot;:&quot;1&quot;}\" data-image-title=\"20260413_090407\" data-image-description=\"\" data-image-caption=\"\" data-large-file=\"https:\/\/www.ff-waldneukirchen.at\/wp-content\/uploads\/2026\/04\/20260413_090407-scaled.jpg\" data-id=\"9338\" src=\"https:\/\/www.ff-waldneukirchen.at\/wp-content\/uploads\/2026\/04\/20260413_090407-scaled.jpg\" alt=\"\" class=\"wp-image-9338\" srcset=\"https:\/\/www.ff-waldneukirchen.at\/wp-content\/uploads\/2026\/04\/20260413_090407-scaled.jpg 2560w, https:\/\/www.ff-waldneukirchen.at\/wp-content\/uploads\/2026\/04\/20260413_090407-300x225.jpg 300w\" sizes=\"auto, (max-width: 2560px) 100vw, 2560px\" \/><\/a><\/figure>\n<\/figure>\n","protected":false},"excerpt":{"rendered":"<p>Gestern hatten wir das Vergn\u00fcgen, eine Gruppe von Kindergartenkindern bei uns zu begr\u00fc\u00dfen. Wir zeigten den Kindern unsere Einsatzfahrzeuge und die Ausr\u00fcstung. Wer wollte, durfte auch am Lenkrad Platz nehmen oder sogar ein Strahlrohr f\u00fchren. Mit der W\u00e4rmebildkamera zeigten wir den Kindern, wie wir im Einsatz Verletzte oder Brandherde aufsp\u00fcren k\u00f6nnen und Alexander schl\u00fcpfte kurz [&hellip;]<\/p>\n","protected":false},"author":2,"featured_media":9338,"comment_status":"closed","ping_status":"open","sticky":false,"template":"","format":"standard","meta":{"advgb_blocks_editor_width":"","advgb_blocks_columns_visual_guide":"","advanced_seo_description":"","jetpack_seo_html_title":"","jetpack_seo_noindex":false,"_jetpack_memberships_contains_paid_content":false,"footnotes":"","jetpack_publicize_message":"","jetpack_publicize_feature_enabled":true,"jetpack_social_post_already_shared":true,"jetpack_social_options":{"image_generator_settings":{"template":"highway","default_image_id":0,"font":"","enabled":false},"version":2}},"categories":[2,26],"tags":[],"class_list":["post-9331","post","type-post","status-publish","format-standard","has-post-thumbnail","hentry","category-aktuell","category-jugend","has-thumbnail"],"author_meta":{"display_name":"Florian Diwald","author_link":"https:\/\/www.ff-waldneukirchen.at\/?author=2"},"featured_img":"https:\/\/www.ff-waldneukirchen.at\/wp-content\/uploads\/2026\/04\/20260413_090407-300x225.jpg","jetpack_publicize_connections":[],"jetpack_featured_media_url":"https:\/\/www.ff-waldneukirchen.at\/wp-content\/uploads\/2026\/04\/20260413_090407-scaled.jpg","coauthors":[],"tax_additional":{"categories":{"linked":["<a href=\"https:\/\/www.ff-waldneukirchen.at\/?cat=2\" class=\"advgb-post-tax-term\">Aktuell<\/a>","<a href=\"https:\/\/www.ff-waldneukirchen.at\/?cat=26\" class=\"advgb-post-tax-term\">Jugend<\/a>"],"unlinked":["<span class=\"advgb-post-tax-term\">Aktuell<\/span>","<span class=\"advgb-post-tax-term\">Jugend<\/span>"]}},"comment_count":"0","relative_dates":{"created":"Ver\u00f6ffentlicht 7\u00a0Tagen vor","modified":"Aktualisiert 7\u00a0Tagen vor"},"absolute_dates":{"created":"Ver\u00f6ffentlicht am 26\/04\/2026","modified":"Aktualisiert am 26\/04\/2026"},"absolute_dates_time":{"created":"Ver\u00f6ffentlicht am 26\/04\/2026 19:59","modified":"Aktualisiert am 26\/04\/2026 19:59"},"featured_img_caption":"","series_order":"","jetpack_sharing_enabled":true,"_links":{"self":[{"href":"https:\/\/www.ff-waldneukirchen.at\/index.php?rest_route=\/wp\/v2\/posts\/9331","targetHints":{"allow":["GET"]}}],"collection":[{"href":"https:\/\/www.ff-waldneukirchen.at\/index.php?rest_route=\/wp\/v2\/posts"}],"about":[{"href":"https:\/\/www.ff-waldneukirchen.at\/index.php?rest_route=\/wp\/v2\/types\/post"}],"author":[{"embeddable":true,"href":"https:\/\/www.ff-waldneukirchen.at\/index.php?rest_route=\/wp\/v2\/users\/2"}],"replies":[{"embeddable":true,"href":"https:\/\/www.ff-waldneukirchen.at\/index.php?rest_route=%2Fwp%2Fv2%2Fcomments&post=9331"}],"version-history":[{"count":1,"href":"https:\/\/www.ff-waldneukirchen.at\/index.php?rest_route=\/wp\/v2\/posts\/9331\/revisions"}],"predecessor-version":[{"id":9342,"href":"https:\/\/www.ff-waldneukirchen.at\/index.php?rest_route=\/wp\/v2\/posts\/9331\/revisions\/9342"}],"wp:featuredmedia":[{"embeddable":true,"href":"https:\/\/www.ff-waldneukirchen.at\/index.php?rest_route=\/wp\/v2\/media\/9338"}],"wp:attachment":[{"href":"https:\/\/www.ff-waldneukirchen.at\/index.php?rest_route=%2Fwp%2Fv2%2Fmedia&parent=9331"}],"wp:term":[{"taxonomy":"category","embeddable":true,"href":"https:\/\/www.ff-waldneukirchen.at\/index.php?rest_route=%2Fwp%2Fv2%2Fcategories&post=9331"},{"taxonomy":"post_tag","embeddable":true,"href":"https:\/\/www.ff-waldneukirchen.at\/index.php?rest_route=%2Fwp%2Fv2%2Ftags&post=9331"}],"curies":[{"name":"wp","href":"https:\/\/api.w.org\/{rel}","templated":true}]}}